{"id":405313,"date":"2024-11-07T15:15:11","date_gmt":"2024-11-07T14:15:11","guid":{"rendered":"https:\/\/life-effect.org\/2024\/11\/07\/projeto-para-politicas-justas-e-eficazes-de-comercio-de-carbono-da-ue-ganha-oficialmente-vida\/"},"modified":"2024-11-07T15:15:11","modified_gmt":"2024-11-07T14:15:11","slug":"projeto-para-politicas-justas-e-eficazes-de-comercio-de-carbono-da-ue-ganha-oficialmente-vida","status":"publish","type":"post","link":"https:\/\/life-effect.org\/pt-pt\/2024\/11\/07\/projeto-para-politicas-justas-e-eficazes-de-comercio-de-carbono-da-ue-ganha-oficialmente-vida\/","title":{"rendered":"Projeto para pol\u00edticas justas e EFICAZES de com\u00e9rcio de carbono da UE ganha oficialmente vida"},"content":{"rendered":"<p class=\"wp-block-heading\"><strong>O Carbon Market Watch est\u00e1 a fazer campanha juntamente com oito organiza\u00e7\u00f5es da sociedade civil da UE e nacionais para que o iminente Sistema de Com\u00e9rcio de Emiss\u00f5es para o transporte rodovi\u00e1rio e edif\u00edcios e o Fundo Social para o Clima proporcionem uma transi\u00e7\u00e3o de descarboniza\u00e7\u00e3o justa e eficaz. Eleanor Scott, da CMW, d\u00e1-nos a conhecer a situa\u00e7\u00e3o <\/strong><\/p>\n<p>No final de outubro, um cons\u00f3rcio, liderado pelo Carbon Market Watch, lan\u00e7ou o projeto \u201cCom\u00e9rcio Europeu de Carbono Eficaz e Justo: Garantir que a fixa\u00e7\u00e3o dos pre\u00e7os do carbono na UE e a utiliza\u00e7\u00e3o das receitas sirvam o clima e a sociedade\u201d (Efeito LIFE)<em>. <\/em> <\/p>\n<p>Este projeto \u00e9 apoiado principalmente pelo programa LIFE da UE, que atribui pr\u00e9mios a projectos que promovam os objectivos clim\u00e1ticos da UE para 2050. O cofinanciamento \u00e9 efectuado pela Funda\u00e7\u00e3o Europeia do Clima, pela Deutsche Bundesstiftung Umwelt e pelo Fundo Portugu\u00eas do Ambiente. <\/p>\n<p>O projeto Life EFFECT tem como objetivo melhorar os conhecimentos, a capacidade e o alcance das redes das organiza\u00e7\u00f5es da sociedade civil, em prepara\u00e7\u00e3o para o futuro sistema de com\u00e9rcio de emiss\u00f5es para edif\u00edcios e transportes rodovi\u00e1rios (ETS2), que estar\u00e1 plenamente operacional em 2027, e para o Fundo Social para o Clima, que ser\u00e1 lan\u00e7ado em 2026. Os membros do projeto participar\u00e3o nos processos pol\u00edticos nacionais e da UE para garantir que estas pol\u00edticas clim\u00e1ticas sejam adequadamente aplicadas pelos Estados-Membros e que o princ\u00edpio do poluidor-pagador seja corretamente aplicado. <\/p>\n<h3 class=\"wp-block-heading\"><strong>N\u00e3o deixar ningu\u00e9m para tr\u00e1s<\/strong><\/h3>\n<p>Assegurar uma transi\u00e7\u00e3o justa est\u00e1 no centro desta campanha.<\/p>\n<p>O projeto estabelecer\u00e1 uma liga\u00e7\u00e3o com os cidad\u00e3os da UE, aumentando a sensibiliza\u00e7\u00e3o e a compreens\u00e3o da forma como o com\u00e9rcio de emiss\u00f5es pode beneficiar as pessoas e o planeta.<\/p>\n<p>Atualmente, os edif\u00edcios contribuem com <a href=\"https:\/\/www.eea.europa.eu\/publications\/decarbonisation-heating-and-cooling\">36% das emiss\u00f5es anuais de CO2 de UE<\/a> e os transportes rodovi\u00e1rios, <a href=\"https:\/\/climate.ec.europa.eu\/eu-action\/transport\/road-transport-reducing-co2-emissions-vehicles_en\">com cerca de 24%<\/a>. O LIFE Effect promove a r\u00e1pida descarboniza\u00e7\u00e3o destes sectores quotidianos e defende que os governos defendam a justi\u00e7a social, salvaguardando os agregados familiares vulner\u00e1veis e garantindo que ningu\u00e9m \u00e9 deixado para tr\u00e1s durante as transi\u00e7\u00f5es de descarboniza\u00e7\u00e3o. <\/p>\n<h3 class=\"wp-block-heading\"><strong>Apresenta\u00e7\u00e3o ao servi\u00e7o<\/strong><\/h3>\n<p>Em 24 e 25 de outubro, os nove parceiros do projeto localizados em sete Estados-Membros da UE; a <a href=\"https:\/\/eeb.org\/\">European Environmental Bureau<\/a>, <a href=\"https:\/\/zero.ong\/\">ZERO \u2013 Associacao Sistema Terrestre Sustentavel<\/a>, <a href=\"https:\/\/www.amo.cz\/en\/\">Asociace Pro Mezinarodni Otazky Zs (AMO)<\/a>, <a href=\"https:\/\/thegreentank.gr\/en\/\">the Green Tank<\/a>, <a href=\"https:\/\/www.germanwatch.org\/en\">GermanWatch<\/a>, <a href=\"https:\/\/zielonasiec.pl\/en\/home-2\/\">Polish Green Network<\/a>, <a href=\"https:\/\/eccoclimate.org\/\">Fondazione Think Tank ECCO<\/a> e a <a href=\"https:\/\/www.bondbeterleefmilieu.be\/steun\/testament?gad_source=1&amp;gclid=CjwKCAiAxKy5BhBbEiwAYiW--8UgnQ_kDYbACQP24P5c6gaFCtDu8uEIXMtqOF6hZ8SQuqW_Fm8noBoC2VsQAvD_BwE\">Bond Beter Leefmilieu<\/a> juntaram-se ao coordenador do projeto, Carbon Market Watch, em Bruxelas, para lan\u00e7ar oficialmente o projeto que decorrer\u00e1 at\u00e9 julho de 2027.    <\/p>\n<p>Muitas das organiza\u00e7\u00f5es trabalharam anteriormente em conjunto no bem sucedido projeto <a href=\"https:\/\/etxtra.org\/about\/\">Life ETX<\/a> , que se centrou na melhoria da equidade e da efic\u00e1cia do Sistema de Com\u00e9rcio de Emiss\u00f5es da UE, que abrange as emiss\u00f5es das ind\u00fastrias pesadas, a energia e foi recentemente alargado \u00e0 avia\u00e7\u00e3o e ao transporte mar\u00edtimo.<\/p>\n<p>Ao aproveitar os conhecimentos e a experi\u00eancia de um cons\u00f3rcio de parceiros especializados de toda a Europa, o cons\u00f3rcio LIFE Effect ir\u00e1 gerar novos conhecimentos, refor\u00e7ar a sua rede internacional de partes interessadas, refor\u00e7ar a capacidade da sociedade civil e realizar campanhas de comunica\u00e7\u00e3o e sensibiliza\u00e7\u00e3o altamente cativantes e envolventes.<\/p>\n<h3 class=\"wp-block-heading\"><strong>Estabelecer as bases<\/strong><\/h3>\n<p>No evento de arranque, o grupo realizou debates pol\u00edticos estrat\u00e9gicos centrados na forma de construir coliga\u00e7\u00f5es entre os actores clim\u00e1ticos e sociais e come\u00e7ou a desenvolver narrativas poderosas que responsabilizar\u00e3o os decisores pol\u00edticos, na medida em que estes apresentem e defendam uma a\u00e7\u00e3o clim\u00e1tica que seja simultaneamente justa e equitativa.<\/p>\n<p>Veja neste espa\u00e7o mais&#8230;<\/p>\n","protected":false},"excerpt":{"rendered":"<p>O Carbon Market Watch est\u00e1 a fazer campanha juntamente com oito organiza\u00e7\u00f5es da sociedade civil da UE e nacionais para que o iminente Sistema de Com\u00e9rcio de Emiss\u00f5es para o transporte rodovi\u00e1rio e edif\u00edcios e o Fundo Social para o Clima proporcionem uma transi\u00e7\u00e3o de descarboniza\u00e7\u00e3o justa e eficaz. Eleanor Scott, da CMW, d\u00e1-nos a [&hellip;]<\/p>\n","protected":false},"author":6,"featured_media":403404,"comment_status":"open","ping_status":"open","sticky":false,"template":"","format":"standard","meta":{"_acf_changed":false,"_et_pb_use_builder":"","_et_pb_old_content":"","_et_gb_content_width":"","_monsterinsights_skip_tracking":false,"_monsterinsights_sitenote_active":false,"_monsterinsights_sitenote_note":"","_monsterinsights_sitenote_category":0,"footnotes":""},"categories":[54],"tags":[],"class_list":["post-405313","post","type-post","status-publish","format-standard","has-post-thumbnail","hentry","category-opiniao"],"acf":[],"yoast_head":"<!-- This site is optimized with the Yoast SEO plugin v27.5 - https:\/\/yoast.com\/product\/yoast-seo-wordpress\/ -->\n<title>Projeto para pol\u00edticas justas e EFICAZES de com\u00e9rcio de carbono da UE ganha oficialmente vida - LIFE Effect<\/title>\n<meta name=\"robots\" content=\"index, follow, max-snippet:-1, max-image-preview:large, max-video-preview:-1\" \/>\n<link rel=\"canonical\" href=\"https:\/\/life-effect.org\/pt-pt\/2024\/11\/07\/projeto-para-politicas-justas-e-eficazes-de-comercio-de-carbono-da-ue-ganha-oficialmente-vida\/\" \/>\n<meta property=\"og:locale\" content=\"pt_PT\" \/>\n<meta property=\"og:type\" content=\"article\" \/>\n<meta property=\"og:title\" content=\"Projeto para pol\u00edticas justas e EFICAZES de com\u00e9rcio de carbono da UE ganha oficialmente vida - LIFE Effect\" \/>\n<meta property=\"og:description\" content=\"O Carbon Market Watch est\u00e1 a fazer campanha juntamente com oito organiza\u00e7\u00f5es da sociedade civil da UE e nacionais para que o iminente Sistema de Com\u00e9rcio de Emiss\u00f5es para o transporte rodovi\u00e1rio e edif\u00edcios e o Fundo Social para o Clima proporcionem uma transi\u00e7\u00e3o de descarboniza\u00e7\u00e3o justa e eficaz. Eleanor Scott, da CMW, d\u00e1-nos a [&hellip;]\" \/>\n<meta property=\"og:url\" content=\"https:\/\/life-effect.org\/pt-pt\/2024\/11\/07\/projeto-para-politicas-justas-e-eficazes-de-comercio-de-carbono-da-ue-ganha-oficialmente-vida\/\" \/>\n<meta property=\"og:site_name\" content=\"LIFE Effect\" \/>\n<meta property=\"article:published_time\" content=\"2024-11-07T14:15:11+00:00\" \/>\n<meta property=\"og:image\" content=\"https:\/\/life-effect.org\/wp-content\/uploads\/2025\/02\/signal-2024-10-24-132615_002.jpeg\" \/>\n\t<meta property=\"og:image:width\" content=\"2044\" \/>\n\t<meta property=\"og:image:height\" content=\"1234\" \/>\n\t<meta property=\"og:image:type\" content=\"image\/jpeg\" \/>\n<meta name=\"author\" content=\"Eleanor Scott\" \/>\n<meta name=\"twitter:card\" content=\"summary_large_image\" \/>\n<meta name=\"twitter:label1\" content=\"Escrito por\" \/>\n\t<meta name=\"twitter:data1\" content=\"Eleanor Scott\" \/>\n\t<meta name=\"twitter:label2\" content=\"Tempo estimado de leitura\" \/>\n\t<meta name=\"twitter:data2\" content=\"3 minutos\" \/>\n<script type=\"application\/ld+json\" class=\"yoast-schema-graph\">{\"@context\":\"https:\\\/\\\/schema.org\",\"@graph\":[{\"@type\":\"Article\",\"@id\":\"https:\\\/\\\/life-effect.org\\\/pt-pt\\\/2024\\\/11\\\/07\\\/projeto-para-politicas-justas-e-eficazes-de-comercio-de-carbono-da-ue-ganha-oficialmente-vida\\\/#article\",\"isPartOf\":{\"@id\":\"https:\\\/\\\/life-effect.org\\\/pt-pt\\\/2024\\\/11\\\/07\\\/projeto-para-politicas-justas-e-eficazes-de-comercio-de-carbono-da-ue-ganha-oficialmente-vida\\\/\"},\"author\":{\"name\":\"Eleanor Scott\",\"@id\":\"https:\\\/\\\/life-effect.org\\\/pt-pt\\\/#\\\/schema\\\/person\\\/b31451c6777ec1cee4f48b481568d0ff\"},\"headline\":\"Projeto para pol\u00edticas justas e EFICAZES de com\u00e9rcio de carbono da UE ganha oficialmente vida\",\"datePublished\":\"2024-11-07T14:15:11+00:00\",\"mainEntityOfPage\":{\"@id\":\"https:\\\/\\\/life-effect.org\\\/pt-pt\\\/2024\\\/11\\\/07\\\/projeto-para-politicas-justas-e-eficazes-de-comercio-de-carbono-da-ue-ganha-oficialmente-vida\\\/\"},\"wordCount\":650,\"commentCount\":0,\"image\":{\"@id\":\"https:\\\/\\\/life-effect.org\\\/pt-pt\\\/2024\\\/11\\\/07\\\/projeto-para-politicas-justas-e-eficazes-de-comercio-de-carbono-da-ue-ganha-oficialmente-vida\\\/#primaryimage\"},\"thumbnailUrl\":\"https:\\\/\\\/ecyrp6eeuob.exactdn.com\\\/wp-content\\\/uploads\\\/2025\\\/02\\\/signal-2024-10-24-132615_002.jpeg?strip=all\",\"articleSection\":[\"Opini\u00e3o\"],\"inLanguage\":\"pt-PT\"},{\"@type\":\"WebPage\",\"@id\":\"https:\\\/\\\/life-effect.org\\\/pt-pt\\\/2024\\\/11\\\/07\\\/projeto-para-politicas-justas-e-eficazes-de-comercio-de-carbono-da-ue-ganha-oficialmente-vida\\\/\",\"url\":\"https:\\\/\\\/life-effect.org\\\/pt-pt\\\/2024\\\/11\\\/07\\\/projeto-para-politicas-justas-e-eficazes-de-comercio-de-carbono-da-ue-ganha-oficialmente-vida\\\/\",\"name\":\"Projeto para pol\u00edticas justas e EFICAZES de com\u00e9rcio de carbono da UE ganha oficialmente vida - LIFE Effect\",\"isPartOf\":{\"@id\":\"https:\\\/\\\/life-effect.org\\\/pt-pt\\\/#website\"},\"primaryImageOfPage\":{\"@id\":\"https:\\\/\\\/life-effect.org\\\/pt-pt\\\/2024\\\/11\\\/07\\\/projeto-para-politicas-justas-e-eficazes-de-comercio-de-carbono-da-ue-ganha-oficialmente-vida\\\/#primaryimage\"},\"image\":{\"@id\":\"https:\\\/\\\/life-effect.org\\\/pt-pt\\\/2024\\\/11\\\/07\\\/projeto-para-politicas-justas-e-eficazes-de-comercio-de-carbono-da-ue-ganha-oficialmente-vida\\\/#primaryimage\"},\"thumbnailUrl\":\"https:\\\/\\\/ecyrp6eeuob.exactdn.com\\\/wp-content\\\/uploads\\\/2025\\\/02\\\/signal-2024-10-24-132615_002.jpeg?strip=all\",\"datePublished\":\"2024-11-07T14:15:11+00:00\",\"author\":{\"@id\":\"https:\\\/\\\/life-effect.org\\\/pt-pt\\\/#\\\/schema\\\/person\\\/b31451c6777ec1cee4f48b481568d0ff\"},\"breadcrumb\":{\"@id\":\"https:\\\/\\\/life-effect.org\\\/pt-pt\\\/2024\\\/11\\\/07\\\/projeto-para-politicas-justas-e-eficazes-de-comercio-de-carbono-da-ue-ganha-oficialmente-vida\\\/#breadcrumb\"},\"inLanguage\":\"pt-PT\",\"potentialAction\":[{\"@type\":\"ReadAction\",\"target\":[\"https:\\\/\\\/life-effect.org\\\/pt-pt\\\/2024\\\/11\\\/07\\\/projeto-para-politicas-justas-e-eficazes-de-comercio-de-carbono-da-ue-ganha-oficialmente-vida\\\/\"]}]},{\"@type\":\"ImageObject\",\"inLanguage\":\"pt-PT\",\"@id\":\"https:\\\/\\\/life-effect.org\\\/pt-pt\\\/2024\\\/11\\\/07\\\/projeto-para-politicas-justas-e-eficazes-de-comercio-de-carbono-da-ue-ganha-oficialmente-vida\\\/#primaryimage\",\"url\":\"https:\\\/\\\/ecyrp6eeuob.exactdn.com\\\/wp-content\\\/uploads\\\/2025\\\/02\\\/signal-2024-10-24-132615_002.jpeg?strip=all\",\"contentUrl\":\"https:\\\/\\\/ecyrp6eeuob.exactdn.com\\\/wp-content\\\/uploads\\\/2025\\\/02\\\/signal-2024-10-24-132615_002.jpeg?strip=all\",\"width\":2044,\"height\":1234},{\"@type\":\"BreadcrumbList\",\"@id\":\"https:\\\/\\\/life-effect.org\\\/pt-pt\\\/2024\\\/11\\\/07\\\/projeto-para-politicas-justas-e-eficazes-de-comercio-de-carbono-da-ue-ganha-oficialmente-vida\\\/#breadcrumb\",\"itemListElement\":[{\"@type\":\"ListItem\",\"position\":1,\"name\":\"Home\",\"item\":\"https:\\\/\\\/life-effect.org\\\/pt-pt\\\/\"},{\"@type\":\"ListItem\",\"position\":2,\"name\":\"Projeto para pol\u00edticas justas e EFICAZES de com\u00e9rcio de carbono da UE ganha oficialmente vida\"}]},{\"@type\":\"WebSite\",\"@id\":\"https:\\\/\\\/life-effect.org\\\/pt-pt\\\/#website\",\"url\":\"https:\\\/\\\/life-effect.org\\\/pt-pt\\\/\",\"name\":\"LIFE Effect\",\"description\":\"For carbon pricing that puts people and planet first\",\"potentialAction\":[{\"@type\":\"SearchAction\",\"target\":{\"@type\":\"EntryPoint\",\"urlTemplate\":\"https:\\\/\\\/life-effect.org\\\/pt-pt\\\/?s={search_term_string}\"},\"query-input\":{\"@type\":\"PropertyValueSpecification\",\"valueRequired\":true,\"valueName\":\"search_term_string\"}}],\"inLanguage\":\"pt-PT\"},{\"@type\":\"Person\",\"@id\":\"https:\\\/\\\/life-effect.org\\\/pt-pt\\\/#\\\/schema\\\/person\\\/b31451c6777ec1cee4f48b481568d0ff\",\"name\":\"Eleanor Scott\",\"image\":{\"@type\":\"ImageObject\",\"inLanguage\":\"pt-PT\",\"@id\":\"https:\\\/\\\/secure.gravatar.com\\\/avatar\\\/f03cf14b9968d58ad9cdfd67fde4a266c6774d266ae2752242ee8e207290ff83?s=96&d=mm&r=g\",\"url\":\"https:\\\/\\\/secure.gravatar.com\\\/avatar\\\/f03cf14b9968d58ad9cdfd67fde4a266c6774d266ae2752242ee8e207290ff83?s=96&d=mm&r=g\",\"contentUrl\":\"https:\\\/\\\/secure.gravatar.com\\\/avatar\\\/f03cf14b9968d58ad9cdfd67fde4a266c6774d266ae2752242ee8e207290ff83?s=96&d=mm&r=g\",\"caption\":\"Eleanor Scott\"},\"url\":\"https:\\\/\\\/life-effect.org\\\/pt-pt\\\/author\\\/eleanor\\\/\"}]}<\/script>\n<!-- \/ Yoast SEO plugin. -->","yoast_head_json":{"title":"Projeto para pol\u00edticas justas e EFICAZES de com\u00e9rcio de carbono da UE ganha oficialmente vida - LIFE Effect","robots":{"index":"index","follow":"follow","max-snippet":"max-snippet:-1","max-image-preview":"max-image-preview:large","max-video-preview":"max-video-preview:-1"},"canonical":"https:\/\/life-effect.org\/pt-pt\/2024\/11\/07\/projeto-para-politicas-justas-e-eficazes-de-comercio-de-carbono-da-ue-ganha-oficialmente-vida\/","og_locale":"pt_PT","og_type":"article","og_title":"Projeto para pol\u00edticas justas e EFICAZES de com\u00e9rcio de carbono da UE ganha oficialmente vida - LIFE Effect","og_description":"O Carbon Market Watch est\u00e1 a fazer campanha juntamente com oito organiza\u00e7\u00f5es da sociedade civil da UE e nacionais para que o iminente Sistema de Com\u00e9rcio de Emiss\u00f5es para o transporte rodovi\u00e1rio e edif\u00edcios e o Fundo Social para o Clima proporcionem uma transi\u00e7\u00e3o de descarboniza\u00e7\u00e3o justa e eficaz. Eleanor Scott, da CMW, d\u00e1-nos a [&hellip;]","og_url":"https:\/\/life-effect.org\/pt-pt\/2024\/11\/07\/projeto-para-politicas-justas-e-eficazes-de-comercio-de-carbono-da-ue-ganha-oficialmente-vida\/","og_site_name":"LIFE Effect","article_published_time":"2024-11-07T14:15:11+00:00","og_image":[{"width":2044,"height":1234,"url":"https:\/\/life-effect.org\/wp-content\/uploads\/2025\/02\/signal-2024-10-24-132615_002.jpeg","type":"image\/jpeg"}],"author":"Eleanor Scott","twitter_card":"summary_large_image","twitter_misc":{"Escrito por":"Eleanor Scott","Tempo estimado de leitura":"3 minutos"},"schema":{"@context":"https:\/\/schema.org","@graph":[{"@type":"Article","@id":"https:\/\/life-effect.org\/pt-pt\/2024\/11\/07\/projeto-para-politicas-justas-e-eficazes-de-comercio-de-carbono-da-ue-ganha-oficialmente-vida\/#article","isPartOf":{"@id":"https:\/\/life-effect.org\/pt-pt\/2024\/11\/07\/projeto-para-politicas-justas-e-eficazes-de-comercio-de-carbono-da-ue-ganha-oficialmente-vida\/"},"author":{"name":"Eleanor Scott","@id":"https:\/\/life-effect.org\/pt-pt\/#\/schema\/person\/b31451c6777ec1cee4f48b481568d0ff"},"headline":"Projeto para pol\u00edticas justas e EFICAZES de com\u00e9rcio de carbono da UE ganha oficialmente vida","datePublished":"2024-11-07T14:15:11+00:00","mainEntityOfPage":{"@id":"https:\/\/life-effect.org\/pt-pt\/2024\/11\/07\/projeto-para-politicas-justas-e-eficazes-de-comercio-de-carbono-da-ue-ganha-oficialmente-vida\/"},"wordCount":650,"commentCount":0,"image":{"@id":"https:\/\/life-effect.org\/pt-pt\/2024\/11\/07\/projeto-para-politicas-justas-e-eficazes-de-comercio-de-carbono-da-ue-ganha-oficialmente-vida\/#primaryimage"},"thumbnailUrl":"https:\/\/ecyrp6eeuob.exactdn.com\/wp-content\/uploads\/2025\/02\/signal-2024-10-24-132615_002.jpeg?strip=all","articleSection":["Opini\u00e3o"],"inLanguage":"pt-PT"},{"@type":"WebPage","@id":"https:\/\/life-effect.org\/pt-pt\/2024\/11\/07\/projeto-para-politicas-justas-e-eficazes-de-comercio-de-carbono-da-ue-ganha-oficialmente-vida\/","url":"https:\/\/life-effect.org\/pt-pt\/2024\/11\/07\/projeto-para-politicas-justas-e-eficazes-de-comercio-de-carbono-da-ue-ganha-oficialmente-vida\/","name":"Projeto para pol\u00edticas justas e EFICAZES de com\u00e9rcio de carbono da UE ganha oficialmente vida - LIFE Effect","isPartOf":{"@id":"https:\/\/life-effect.org\/pt-pt\/#website"},"primaryImageOfPage":{"@id":"https:\/\/life-effect.org\/pt-pt\/2024\/11\/07\/projeto-para-politicas-justas-e-eficazes-de-comercio-de-carbono-da-ue-ganha-oficialmente-vida\/#primaryimage"},"image":{"@id":"https:\/\/life-effect.org\/pt-pt\/2024\/11\/07\/projeto-para-politicas-justas-e-eficazes-de-comercio-de-carbono-da-ue-ganha-oficialmente-vida\/#primaryimage"},"thumbnailUrl":"https:\/\/ecyrp6eeuob.exactdn.com\/wp-content\/uploads\/2025\/02\/signal-2024-10-24-132615_002.jpeg?strip=all","datePublished":"2024-11-07T14:15:11+00:00","author":{"@id":"https:\/\/life-effect.org\/pt-pt\/#\/schema\/person\/b31451c6777ec1cee4f48b481568d0ff"},"breadcrumb":{"@id":"https:\/\/life-effect.org\/pt-pt\/2024\/11\/07\/projeto-para-politicas-justas-e-eficazes-de-comercio-de-carbono-da-ue-ganha-oficialmente-vida\/#breadcrumb"},"inLanguage":"pt-PT","potentialAction":[{"@type":"ReadAction","target":["https:\/\/life-effect.org\/pt-pt\/2024\/11\/07\/projeto-para-politicas-justas-e-eficazes-de-comercio-de-carbono-da-ue-ganha-oficialmente-vida\/"]}]},{"@type":"ImageObject","inLanguage":"pt-PT","@id":"https:\/\/life-effect.org\/pt-pt\/2024\/11\/07\/projeto-para-politicas-justas-e-eficazes-de-comercio-de-carbono-da-ue-ganha-oficialmente-vida\/#primaryimage","url":"https:\/\/ecyrp6eeuob.exactdn.com\/wp-content\/uploads\/2025\/02\/signal-2024-10-24-132615_002.jpeg?strip=all","contentUrl":"https:\/\/ecyrp6eeuob.exactdn.com\/wp-content\/uploads\/2025\/02\/signal-2024-10-24-132615_002.jpeg?strip=all","width":2044,"height":1234},{"@type":"BreadcrumbList","@id":"https:\/\/life-effect.org\/pt-pt\/2024\/11\/07\/projeto-para-politicas-justas-e-eficazes-de-comercio-de-carbono-da-ue-ganha-oficialmente-vida\/#breadcrumb","itemListElement":[{"@type":"ListItem","position":1,"name":"Home","item":"https:\/\/life-effect.org\/pt-pt\/"},{"@type":"ListItem","position":2,"name":"Projeto para pol\u00edticas justas e EFICAZES de com\u00e9rcio de carbono da UE ganha oficialmente vida"}]},{"@type":"WebSite","@id":"https:\/\/life-effect.org\/pt-pt\/#website","url":"https:\/\/life-effect.org\/pt-pt\/","name":"LIFE Effect","description":"For carbon pricing that puts people and planet first","potentialAction":[{"@type":"SearchAction","target":{"@type":"EntryPoint","urlTemplate":"https:\/\/life-effect.org\/pt-pt\/?s={search_term_string}"},"query-input":{"@type":"PropertyValueSpecification","valueRequired":true,"valueName":"search_term_string"}}],"inLanguage":"pt-PT"},{"@type":"Person","@id":"https:\/\/life-effect.org\/pt-pt\/#\/schema\/person\/b31451c6777ec1cee4f48b481568d0ff","name":"Eleanor Scott","image":{"@type":"ImageObject","inLanguage":"pt-PT","@id":"https:\/\/secure.gravatar.com\/avatar\/f03cf14b9968d58ad9cdfd67fde4a266c6774d266ae2752242ee8e207290ff83?s=96&d=mm&r=g","url":"https:\/\/secure.gravatar.com\/avatar\/f03cf14b9968d58ad9cdfd67fde4a266c6774d266ae2752242ee8e207290ff83?s=96&d=mm&r=g","contentUrl":"https:\/\/secure.gravatar.com\/avatar\/f03cf14b9968d58ad9cdfd67fde4a266c6774d266ae2752242ee8e207290ff83?s=96&d=mm&r=g","caption":"Eleanor Scott"},"url":"https:\/\/life-effect.org\/pt-pt\/author\/eleanor\/"}]}},"_links":{"self":[{"href":"https:\/\/life-effect.org\/pt-pt\/wp-json\/wp\/v2\/posts\/405313","targetHints":{"allow":["GET"]}}],"collection":[{"href":"https:\/\/life-effect.org\/pt-pt\/wp-json\/wp\/v2\/posts"}],"about":[{"href":"https:\/\/life-effect.org\/pt-pt\/wp-json\/wp\/v2\/types\/post"}],"author":[{"embeddable":true,"href":"https:\/\/life-effect.org\/pt-pt\/wp-json\/wp\/v2\/users\/6"}],"replies":[{"embeddable":true,"href":"https:\/\/life-effect.org\/pt-pt\/wp-json\/wp\/v2\/comments?post=405313"}],"version-history":[{"count":0,"href":"https:\/\/life-effect.org\/pt-pt\/wp-json\/wp\/v2\/posts\/405313\/revisions"}],"wp:featuredmedia":[{"embeddable":true,"href":"https:\/\/life-effect.org\/pt-pt\/wp-json\/wp\/v2\/media\/403404"}],"wp:attachment":[{"href":"https:\/\/life-effect.org\/pt-pt\/wp-json\/wp\/v2\/media?parent=405313"}],"wp:term":[{"taxonomy":"category","embeddable":true,"href":"https:\/\/life-effect.org\/pt-pt\/wp-json\/wp\/v2\/categories?post=405313"},{"taxonomy":"post_tag","embeddable":true,"href":"https:\/\/life-effect.org\/pt-pt\/wp-json\/wp\/v2\/tags?post=405313"}],"curies":[{"name":"wp","href":"https:\/\/api.w.org\/{rel}","templated":true}]}}