{"id":405336,"date":"2024-11-14T10:04:52","date_gmt":"2024-11-14T09:04:52","guid":{"rendered":"https:\/\/life-effect.org\/2024\/11\/14\/conversa-ets-maximizar-o-fundo-social-para-o-clima-medidas-em-materia-de-despesas-para-uma-transicao-justa\/"},"modified":"2024-11-14T10:04:52","modified_gmt":"2024-11-14T09:04:52","slug":"conversa-ets-maximizar-o-fundo-social-para-o-clima-medidas-em-materia-de-despesas-para-uma-transicao-justa","status":"publish","type":"post","link":"https:\/\/life-effect.org\/pt-pt\/2024\/11\/14\/conversa-ets-maximizar-o-fundo-social-para-o-clima-medidas-em-materia-de-despesas-para-uma-transicao-justa\/","title":{"rendered":"Conversa ETS &#8211; Maximizar o Fundo Social para o Clima: Medidas, em mat\u00e9ria de despesas, para uma transi\u00e7\u00e3o justa"},"content":{"rendered":"<p><span style=\"font-weight: 400;\">No dia 14 de novembro, a ZERO organizou <\/span><span style=\"font-weight: 400;\">um workshop online esclarecedor, <\/span><span style=\"font-weight: 400;\">que explorou o papel transformador do Fundo Social para o Clima (SCF) na abordagem da pobreza energ\u00e9tica e dos transportes, contribuindo ao mesmo tempo para uma transi\u00e7\u00e3o justa para um futuro sem combust\u00edveis f\u00f3sseis.<\/span><\/p>\n<p><span style=\"font-weight: 400;\">O debate incidiu sobre elementos-chave do SCF e da Fase 2 do Sistema de Com\u00e9rcio de Licen\u00e7as de Emiss\u00e3o da Uni\u00e3o Europeia (ETS2). Os oradores destacaram estrat\u00e9gias pr\u00e1ticas para o desenvolvimento de Planos Clim\u00e1ticos Sociais Nacionais (PCSN) e apresentaram formas inovadoras de utilizar eficazmente os recursos do SCF. <\/span><\/p>\n<p><iframe loading=\"lazy\" title=\"ETS Talk - Maximising the Social Climate Fund: Spending Measures for a just transition\" width=\"1080\" height=\"810\" src=\"https:\/\/www.youtube.com\/embed\/3l4rmzRMz0A?feature=oembed\"  allow=\"accelerometer; autoplay; clipboard-write; encrypted-media; gyroscope; picture-in-picture; web-share\" referrerpolicy=\"strict-origin-when-cross-origin\" allowfullscreen><\/iframe><\/p>\n<p>&nbsp;<\/p>\n<h3><b>Efeito LIFE: por uma tarifa\u00e7\u00e3o justa e eficaz do carbono<\/b><\/h3>\n<p><span style=\"font-weight: 400;\">A primeira oradora, Eleanor Scott, perita em mercados de carbono da UE da Carbon Market Watch, abordou as receitas do ETS2 e a forma como o projeto LIFE Effect pode servir como uma ferramenta importante para alcan\u00e7ar um sistema justo e eficaz de fixa\u00e7\u00e3o de pre\u00e7os do carbono no \u00e2mbito do ETS2.<\/span><\/p>\n<p><span style=\"font-weight: 400;\">A apresenta\u00e7\u00e3o debru\u00e7ou-se sobre o <\/span>Sistema de Com\u00e9rcio de Licen\u00e7as de Emiss\u00e3o da UE (ETS2)<span style=\"font-weight: 400;\"><strong>, <\/strong>que alarga a tarifa\u00e7\u00e3o do carbono aos combust\u00edveis para constru\u00e7\u00e3o e aos transportes rodovi\u00e1rios, a partir de 2027, e que visa uma redu\u00e7\u00e3o de 44% das emiss\u00f5es abrangidas at\u00e9 2030 (em compara\u00e7\u00e3o com os n\u00edveis de 2005).<\/span> <\/p>\n<p><span style=\"font-weight: 400;\">Embora o ETS2 incentive a redu\u00e7\u00e3o das emiss\u00f5es e reforce as energias renov\u00e1veis, corre tamb\u00e9m o risco de exacerbar a pobreza energ\u00e9tica e de transportes, podendo levar a uma rea\u00e7\u00e3o p\u00fablica contra as pol\u00edticas clim\u00e1ticas.<\/span><\/p>\n<p><span style=\"font-weight: 400;\">O <\/span>Fundo Social para o Clima<span style=\"font-weight: 400;\">, com um limite m\u00e1ximo de 86,7 mil milh\u00f5es de euros, surge como um instrumento fundamental para dar resposta \u00e0s preocupa\u00e7\u00f5es sociais associadas ao ETS2. Ao garantir um apoio direcionado para as fam\u00edlias com baixos rendimentos e para as regi\u00f5es dependentes de ind\u00fastrias com utiliza\u00e7\u00e3o intensiva de carbono, o SCF visa atenuar as desigualdades e, ao mesmo tempo, promover uma transi\u00e7\u00e3o justa. Contudo, os dados actuais sobre as medidas relativas \u00e0s despesas s\u00e3o incompletos, o que sublinha a necessidade de uma maior transpar\u00eancia e de planos clim\u00e1ticos sociais (SCP) s\u00f3lidos.  <\/span><\/p>\n<p><span style=\"font-weight: 400;\">Efeito LIFE <\/span>&#8211; o projeto <span style=\"font-weight: 400;\">abrangendo a B\u00e9lgica, a Ch\u00e9quia, a Alemanha, a Gr\u00e9cia, a It\u00e1lia, Portugal e a Pol\u00f3nia &#8211; defende uma tarifa\u00e7\u00e3o eficaz e equitativa do carbono. O seu enfoque inclui o aproveitamento das receitas do ETS2 para ac\u00e7\u00f5es clim\u00e1ticas com impacto, a promo\u00e7\u00e3o das energias renov\u00e1veis, a descarboniza\u00e7\u00e3o dos sistemas de aquecimento e refrigera\u00e7\u00e3o e o apoio a transportes respeitadores do clima. O projeto convida as partes interessadas a aderir \u00e0 sua rede, a participar em debates de peritos e a contribuir para o desenvolvimento de pol\u00edticas.  <\/span><\/p>\n<h3><b>Fundo Clim\u00e1tico Social (SCF)<\/b><span style=\"font-weight: 400;\"> e a <\/span><b>Vis\u00e3o geral dos Planos Clim\u00e1ticos Sociais Nacionais (NSCPs)<\/b><\/h3>\n<p><span style=\"font-weight: 400;\">Come\u00e7ando com a pergunta, <\/span><i><span style=\"font-weight: 400;\">Qual \u00e9 o objetivo do Fundo Clim\u00e1tico Social?<\/span><\/i><span style=\"font-weight: 400;\">, o nosso segundo orador, Luke Haywood, do Gabinete Europeu do Ambiente (EEB), apresentou uma vis\u00e3o abrangente dos objetivos e da implementa\u00e7\u00e3o do fundo.<\/span> <\/p>\n<p><span style=\"font-weight: 400;\">Ele explicou que o Fundo Clim\u00e1tico Social (SCF) foi concebido para aliviar os encargos financeiros das fam\u00edlias com baixos rendimentos, ajudar as comunidades mais afectadas pelo aumento dos pre\u00e7os da energia e reduzir a depend\u00eancia dos combust\u00edveis f\u00f3sseis. <\/span><\/p>\n<p><span style=\"font-weight: 400;\">O fundo, fundamental para a transi\u00e7\u00e3o da UE para uma economia com baixas emiss\u00f5es de carbono, d\u00e1 \u00eanfase ao apoio equitativo aos grupos vulner\u00e1veis e tem como objetivo promover a aceita\u00e7\u00e3o das pol\u00edticas clim\u00e1ticas. Haywood tamb\u00e9m delineou o cronograma do SCF, que inclui a prepara\u00e7\u00e3o e apresenta\u00e7\u00e3o dos Planos Clim\u00e1ticos Sociais Nacionais (NSCPs) em 2025, os primeiros pagamentos em 2026 e uma fase de avalia\u00e7\u00e3o detalhada a partir de 2028, garantindo que os objectivos do fundo estejam alinhados com os objectivos de transi\u00e7\u00e3o energ\u00e9tica a longo prazo. <\/span><\/p>\n<p><span style=\"font-weight: 400;\">As energias renov\u00e1veis e a participa\u00e7\u00e3o do p\u00fablico s\u00e3o temas centrais do SCF e dos NSCPs. Haywood partilhou exemplos de projectos inovadores, como instala\u00e7\u00f5es fotovoltaicas gratuitas para agregados familiares de baixos rendimentos em It\u00e1lia, comunidades energ\u00e9ticas em Portugal, sistemas cooperativos de energias renov\u00e1veis na Alemanha e na B\u00e9lgica e iniciativas para fornecer energias renov\u00e1veis fora da rede na Rom\u00e9nia.  <\/span><\/p>\n<p><span style=\"font-weight: 400;\">Estes projectos exemplificam o objetivo do fundo de capacitar as comunidades vulner\u00e1veis e, ao mesmo tempo, promover a aceita\u00e7\u00e3o da pol\u00edtica clim\u00e1tica.<\/span><\/p>\n<h3><b>Os planos clim\u00e1ticos sociais podem propiciar transportes limpos e acess\u00edveis<\/b><\/h3>\n<p><span style=\"font-weight: 400;\">O nosso \u00faltimo orador, Bernardo Galantini, da Transport &amp; Environment, sublinhou o papel fundamental dos Planos Clim\u00e1ticos Sociais no combate \u00e0 pobreza nos transportes e na facilita\u00e7\u00e3o da transi\u00e7\u00e3o para uma mobilidade limpa e a pre\u00e7os acess\u00edveis. <\/span><\/p>\n<p><span style=\"font-weight: 400;\">Salientou os desafios de tornar os ve\u00edculos el\u00e9ctricos (VE) acess\u00edveis. Observou que os elevados pre\u00e7os de compra e a predomin\u00e2ncia de modelos maiores e menos econ\u00f3micos, como os SUV, limitam a disponibilidade para os agregados familiares com rendimentos baixos e m\u00e9dios. Galantini defendeu os esquemas de aluguer social como uma solu\u00e7\u00e3o, em que os VE compactos e de baixo impacto ambiental poderiam ser oferecidos a taxas mensais acess\u00edveis.   <\/span><\/p>\n<p><span style=\"font-weight: 400;\">Baseando-se no sucesso da iniciativa de loca\u00e7\u00e3o social de Fran\u00e7a, que forneceu VEs a agregados familiares eleg\u00edveis de baixos rendimentos por apenas 49-150 euros por m\u00eas, demonstrou como tais programas podem democratizar o acesso a transportes limpos. Apelou \u00e0 ado\u00e7\u00e3o de programas semelhantes em toda a UE, adaptados aos contextos nacionais, para garantir uma transi\u00e7\u00e3o equitativa e reduzir a depend\u00eancia dos combust\u00edveis f\u00f3sseis no \u00e2mbito do ETS2. <\/span><\/p>\n<p><span style=\"font-weight: 400;\">Desde a fixa\u00e7\u00e3o equitativa dos pre\u00e7os do carbono e dos projectos de energias renov\u00e1veis at\u00e9 aos regimes de loca\u00e7\u00e3o social para ve\u00edculos el\u00e9ctricos, os debates sublinharam a import\u00e2ncia de medidas inclusivas para promover uma transi\u00e7\u00e3o justa. Este workshop prepara o terreno para uma colabora\u00e7\u00e3o cont\u00ednua na constru\u00e7\u00e3o de pol\u00edticas clim\u00e1ticas sustent\u00e1veis e socialmente justas. <\/span><\/p>\n","protected":false},"excerpt":{"rendered":"<p>Este evento explorou o papel transformador do Fundo Social para o Clima (SCF) no combate \u00e0 pobreza energ\u00e9tica e de transportes, permitindo simultaneamente uma transi\u00e7\u00e3o justa para um futuro sem combust\u00edveis f\u00f3sseis.<\/p>\n","protected":false},"author":7,"featured_media":397621,"comment_status":"closed","ping_status":"closed","sticky":false,"template":"","format":"standard","meta":{"_acf_changed":false,"_et_pb_use_builder":"","_et_pb_old_content":"","_et_gb_content_width":"","_monsterinsights_skip_tracking":false,"_monsterinsights_sitenote_active":false,"_monsterinsights_sitenote_note":"","_monsterinsights_sitenote_category":0,"footnotes":""},"categories":[110],"tags":[114,123,121,117],"class_list":["post-405336","post","type-post","status-publish","format-standard","has-post-thumbnail","hentry","category-eventos","tag-cele2","tag-efeito-life","tag-fundo-social-para-o-clima","tag-planos-sociais-para-o-clima"],"acf":[],"yoast_head":"<!-- This site is optimized with the Yoast SEO plugin v27.5 - https:\/\/yoast.com\/product\/yoast-seo-wordpress\/ -->\n<title>Conversa ETS - Maximizar o Fundo Social para o Clima: Medidas, em mat\u00e9ria de despesas, para uma transi\u00e7\u00e3o justa - LIFE Effect<\/title>\n<meta name=\"robots\" content=\"index, follow, max-snippet:-1, max-image-preview:large, max-video-preview:-1\" \/>\n<link rel=\"canonical\" href=\"https:\/\/life-effect.org\/pt-pt\/2024\/11\/14\/conversa-ets-maximizar-o-fundo-social-para-o-clima-medidas-em-materia-de-despesas-para-uma-transicao-justa\/\" \/>\n<meta property=\"og:locale\" content=\"pt_PT\" \/>\n<meta property=\"og:type\" content=\"article\" \/>\n<meta property=\"og:title\" content=\"Conversa ETS - Maximizar o Fundo Social para o Clima: Medidas, em mat\u00e9ria de despesas, para uma transi\u00e7\u00e3o justa - LIFE Effect\" \/>\n<meta property=\"og:description\" content=\"Este evento explorou o papel transformador do Fundo Social para o Clima (SCF) no combate \u00e0 pobreza energ\u00e9tica e de transportes, permitindo simultaneamente uma transi\u00e7\u00e3o justa para um futuro sem combust\u00edveis f\u00f3sseis.\" \/>\n<meta property=\"og:url\" content=\"https:\/\/life-effect.org\/pt-pt\/2024\/11\/14\/conversa-ets-maximizar-o-fundo-social-para-o-clima-medidas-em-materia-de-despesas-para-uma-transicao-justa\/\" \/>\n<meta property=\"og:site_name\" content=\"LIFE Effect\" \/>\n<meta property=\"article:published_time\" content=\"2024-11-14T09:04:52+00:00\" \/>\n<meta property=\"og:image\" content=\"https:\/\/life-effect.org\/wp-content\/uploads\/2025\/01\/Photo-by-Miriam-Strong1-1024x768.jpeg\" \/>\n\t<meta property=\"og:image:width\" content=\"1024\" \/>\n\t<meta property=\"og:image:height\" content=\"768\" \/>\n\t<meta property=\"og:image:type\" content=\"image\/jpeg\" \/>\n<meta name=\"author\" content=\"Islene Fa\u00e7anha\" \/>\n<meta name=\"twitter:card\" content=\"summary_large_image\" \/>\n<meta name=\"twitter:label1\" content=\"Escrito por\" \/>\n\t<meta name=\"twitter:data1\" content=\"Islene Fa\u00e7anha\" \/>\n\t<meta name=\"twitter:label2\" content=\"Tempo estimado de leitura\" \/>\n\t<meta name=\"twitter:data2\" content=\"5 minutos\" \/>\n<script type=\"application\/ld+json\" class=\"yoast-schema-graph\">{\"@context\":\"https:\\\/\\\/schema.org\",\"@graph\":[{\"@type\":\"Article\",\"@id\":\"https:\\\/\\\/life-effect.org\\\/pt-pt\\\/2024\\\/11\\\/14\\\/conversa-ets-maximizar-o-fundo-social-para-o-clima-medidas-em-materia-de-despesas-para-uma-transicao-justa\\\/#article\",\"isPartOf\":{\"@id\":\"https:\\\/\\\/life-effect.org\\\/pt-pt\\\/2024\\\/11\\\/14\\\/conversa-ets-maximizar-o-fundo-social-para-o-clima-medidas-em-materia-de-despesas-para-uma-transicao-justa\\\/\"},\"author\":{\"name\":\"Islene Fa\u00e7anha\",\"@id\":\"https:\\\/\\\/life-effect.org\\\/pt-pt\\\/#\\\/schema\\\/person\\\/ca39d7df1710ab6834a87f03276326e7\"},\"headline\":\"Conversa ETS &#8211; Maximizar o Fundo Social para o Clima: Medidas, em mat\u00e9ria de despesas, para uma transi\u00e7\u00e3o justa\",\"datePublished\":\"2024-11-14T09:04:52+00:00\",\"mainEntityOfPage\":{\"@id\":\"https:\\\/\\\/life-effect.org\\\/pt-pt\\\/2024\\\/11\\\/14\\\/conversa-ets-maximizar-o-fundo-social-para-o-clima-medidas-em-materia-de-despesas-para-uma-transicao-justa\\\/\"},\"wordCount\":1080,\"image\":{\"@id\":\"https:\\\/\\\/life-effect.org\\\/pt-pt\\\/2024\\\/11\\\/14\\\/conversa-ets-maximizar-o-fundo-social-para-o-clima-medidas-em-materia-de-despesas-para-uma-transicao-justa\\\/#primaryimage\"},\"thumbnailUrl\":\"https:\\\/\\\/ecyrp6eeuob.exactdn.com\\\/wp-content\\\/uploads\\\/2025\\\/01\\\/Photo-by-Miriam-Strong1.jpeg?strip=all\",\"keywords\":[\"cele2\",\"Efeito LIFE\",\"fundo social para o clima\",\"planos sociais para o clima\"],\"articleSection\":[\"Eventos\"],\"inLanguage\":\"pt-PT\"},{\"@type\":\"WebPage\",\"@id\":\"https:\\\/\\\/life-effect.org\\\/pt-pt\\\/2024\\\/11\\\/14\\\/conversa-ets-maximizar-o-fundo-social-para-o-clima-medidas-em-materia-de-despesas-para-uma-transicao-justa\\\/\",\"url\":\"https:\\\/\\\/life-effect.org\\\/pt-pt\\\/2024\\\/11\\\/14\\\/conversa-ets-maximizar-o-fundo-social-para-o-clima-medidas-em-materia-de-despesas-para-uma-transicao-justa\\\/\",\"name\":\"Conversa ETS - Maximizar o Fundo Social para o Clima: Medidas, em mat\u00e9ria de despesas, para uma transi\u00e7\u00e3o justa - LIFE Effect\",\"isPartOf\":{\"@id\":\"https:\\\/\\\/life-effect.org\\\/pt-pt\\\/#website\"},\"primaryImageOfPage\":{\"@id\":\"https:\\\/\\\/life-effect.org\\\/pt-pt\\\/2024\\\/11\\\/14\\\/conversa-ets-maximizar-o-fundo-social-para-o-clima-medidas-em-materia-de-despesas-para-uma-transicao-justa\\\/#primaryimage\"},\"image\":{\"@id\":\"https:\\\/\\\/life-effect.org\\\/pt-pt\\\/2024\\\/11\\\/14\\\/conversa-ets-maximizar-o-fundo-social-para-o-clima-medidas-em-materia-de-despesas-para-uma-transicao-justa\\\/#primaryimage\"},\"thumbnailUrl\":\"https:\\\/\\\/ecyrp6eeuob.exactdn.com\\\/wp-content\\\/uploads\\\/2025\\\/01\\\/Photo-by-Miriam-Strong1.jpeg?strip=all\",\"datePublished\":\"2024-11-14T09:04:52+00:00\",\"author\":{\"@id\":\"https:\\\/\\\/life-effect.org\\\/pt-pt\\\/#\\\/schema\\\/person\\\/ca39d7df1710ab6834a87f03276326e7\"},\"breadcrumb\":{\"@id\":\"https:\\\/\\\/life-effect.org\\\/pt-pt\\\/2024\\\/11\\\/14\\\/conversa-ets-maximizar-o-fundo-social-para-o-clima-medidas-em-materia-de-despesas-para-uma-transicao-justa\\\/#breadcrumb\"},\"inLanguage\":\"pt-PT\",\"potentialAction\":[{\"@type\":\"ReadAction\",\"target\":[\"https:\\\/\\\/life-effect.org\\\/pt-pt\\\/2024\\\/11\\\/14\\\/conversa-ets-maximizar-o-fundo-social-para-o-clima-medidas-em-materia-de-despesas-para-uma-transicao-justa\\\/\"]}]},{\"@type\":\"ImageObject\",\"inLanguage\":\"pt-PT\",\"@id\":\"https:\\\/\\\/life-effect.org\\\/pt-pt\\\/2024\\\/11\\\/14\\\/conversa-ets-maximizar-o-fundo-social-para-o-clima-medidas-em-materia-de-despesas-para-uma-transicao-justa\\\/#primaryimage\",\"url\":\"https:\\\/\\\/ecyrp6eeuob.exactdn.com\\\/wp-content\\\/uploads\\\/2025\\\/01\\\/Photo-by-Miriam-Strong1.jpeg?strip=all\",\"contentUrl\":\"https:\\\/\\\/ecyrp6eeuob.exactdn.com\\\/wp-content\\\/uploads\\\/2025\\\/01\\\/Photo-by-Miriam-Strong1.jpeg?strip=all\",\"width\":1920,\"height\":1440},{\"@type\":\"BreadcrumbList\",\"@id\":\"https:\\\/\\\/life-effect.org\\\/pt-pt\\\/2024\\\/11\\\/14\\\/conversa-ets-maximizar-o-fundo-social-para-o-clima-medidas-em-materia-de-despesas-para-uma-transicao-justa\\\/#breadcrumb\",\"itemListElement\":[{\"@type\":\"ListItem\",\"position\":1,\"name\":\"Home\",\"item\":\"https:\\\/\\\/life-effect.org\\\/pt-pt\\\/\"},{\"@type\":\"ListItem\",\"position\":2,\"name\":\"Conversa ETS &#8211; Maximizar o Fundo Social para o Clima: Medidas, em mat\u00e9ria de despesas, para uma transi\u00e7\u00e3o justa\"}]},{\"@type\":\"WebSite\",\"@id\":\"https:\\\/\\\/life-effect.org\\\/pt-pt\\\/#website\",\"url\":\"https:\\\/\\\/life-effect.org\\\/pt-pt\\\/\",\"name\":\"LIFE Effect\",\"description\":\"For carbon pricing that puts people and planet first\",\"potentialAction\":[{\"@type\":\"SearchAction\",\"target\":{\"@type\":\"EntryPoint\",\"urlTemplate\":\"https:\\\/\\\/life-effect.org\\\/pt-pt\\\/?s={search_term_string}\"},\"query-input\":{\"@type\":\"PropertyValueSpecification\",\"valueRequired\":true,\"valueName\":\"search_term_string\"}}],\"inLanguage\":\"pt-PT\"},{\"@type\":\"Person\",\"@id\":\"https:\\\/\\\/life-effect.org\\\/pt-pt\\\/#\\\/schema\\\/person\\\/ca39d7df1710ab6834a87f03276326e7\",\"name\":\"Islene Fa\u00e7anha\",\"image\":{\"@type\":\"ImageObject\",\"inLanguage\":\"pt-PT\",\"@id\":\"https:\\\/\\\/secure.gravatar.com\\\/avatar\\\/ca527f02f9dafec145dd556de6ad233b506807fa07064fe9c78ae660d3bd3011?s=96&d=mm&r=g\",\"url\":\"https:\\\/\\\/secure.gravatar.com\\\/avatar\\\/ca527f02f9dafec145dd556de6ad233b506807fa07064fe9c78ae660d3bd3011?s=96&d=mm&r=g\",\"contentUrl\":\"https:\\\/\\\/secure.gravatar.com\\\/avatar\\\/ca527f02f9dafec145dd556de6ad233b506807fa07064fe9c78ae660d3bd3011?s=96&d=mm&r=g\",\"caption\":\"Islene Fa\u00e7anha\"},\"url\":\"https:\\\/\\\/life-effect.org\\\/pt-pt\\\/author\\\/islene\\\/\"}]}<\/script>\n<!-- \/ Yoast SEO plugin. -->","yoast_head_json":{"title":"Conversa ETS - Maximizar o Fundo Social para o Clima: Medidas, em mat\u00e9ria de despesas, para uma transi\u00e7\u00e3o justa - LIFE Effect","robots":{"index":"index","follow":"follow","max-snippet":"max-snippet:-1","max-image-preview":"max-image-preview:large","max-video-preview":"max-video-preview:-1"},"canonical":"https:\/\/life-effect.org\/pt-pt\/2024\/11\/14\/conversa-ets-maximizar-o-fundo-social-para-o-clima-medidas-em-materia-de-despesas-para-uma-transicao-justa\/","og_locale":"pt_PT","og_type":"article","og_title":"Conversa ETS - Maximizar o Fundo Social para o Clima: Medidas, em mat\u00e9ria de despesas, para uma transi\u00e7\u00e3o justa - LIFE Effect","og_description":"Este evento explorou o papel transformador do Fundo Social para o Clima (SCF) no combate \u00e0 pobreza energ\u00e9tica e de transportes, permitindo simultaneamente uma transi\u00e7\u00e3o justa para um futuro sem combust\u00edveis f\u00f3sseis.","og_url":"https:\/\/life-effect.org\/pt-pt\/2024\/11\/14\/conversa-ets-maximizar-o-fundo-social-para-o-clima-medidas-em-materia-de-despesas-para-uma-transicao-justa\/","og_site_name":"LIFE Effect","article_published_time":"2024-11-14T09:04:52+00:00","og_image":[{"width":1024,"height":768,"url":"https:\/\/life-effect.org\/wp-content\/uploads\/2025\/01\/Photo-by-Miriam-Strong1-1024x768.jpeg","type":"image\/jpeg"}],"author":"Islene Fa\u00e7anha","twitter_card":"summary_large_image","twitter_misc":{"Escrito por":"Islene Fa\u00e7anha","Tempo estimado de leitura":"5 minutos"},"schema":{"@context":"https:\/\/schema.org","@graph":[{"@type":"Article","@id":"https:\/\/life-effect.org\/pt-pt\/2024\/11\/14\/conversa-ets-maximizar-o-fundo-social-para-o-clima-medidas-em-materia-de-despesas-para-uma-transicao-justa\/#article","isPartOf":{"@id":"https:\/\/life-effect.org\/pt-pt\/2024\/11\/14\/conversa-ets-maximizar-o-fundo-social-para-o-clima-medidas-em-materia-de-despesas-para-uma-transicao-justa\/"},"author":{"name":"Islene Fa\u00e7anha","@id":"https:\/\/life-effect.org\/pt-pt\/#\/schema\/person\/ca39d7df1710ab6834a87f03276326e7"},"headline":"Conversa ETS &#8211; Maximizar o Fundo Social para o Clima: Medidas, em mat\u00e9ria de despesas, para uma transi\u00e7\u00e3o justa","datePublished":"2024-11-14T09:04:52+00:00","mainEntityOfPage":{"@id":"https:\/\/life-effect.org\/pt-pt\/2024\/11\/14\/conversa-ets-maximizar-o-fundo-social-para-o-clima-medidas-em-materia-de-despesas-para-uma-transicao-justa\/"},"wordCount":1080,"image":{"@id":"https:\/\/life-effect.org\/pt-pt\/2024\/11\/14\/conversa-ets-maximizar-o-fundo-social-para-o-clima-medidas-em-materia-de-despesas-para-uma-transicao-justa\/#primaryimage"},"thumbnailUrl":"https:\/\/ecyrp6eeuob.exactdn.com\/wp-content\/uploads\/2025\/01\/Photo-by-Miriam-Strong1.jpeg?strip=all","keywords":["cele2","Efeito LIFE","fundo social para o clima","planos sociais para o clima"],"articleSection":["Eventos"],"inLanguage":"pt-PT"},{"@type":"WebPage","@id":"https:\/\/life-effect.org\/pt-pt\/2024\/11\/14\/conversa-ets-maximizar-o-fundo-social-para-o-clima-medidas-em-materia-de-despesas-para-uma-transicao-justa\/","url":"https:\/\/life-effect.org\/pt-pt\/2024\/11\/14\/conversa-ets-maximizar-o-fundo-social-para-o-clima-medidas-em-materia-de-despesas-para-uma-transicao-justa\/","name":"Conversa ETS - Maximizar o Fundo Social para o Clima: Medidas, em mat\u00e9ria de despesas, para uma transi\u00e7\u00e3o justa - LIFE Effect","isPartOf":{"@id":"https:\/\/life-effect.org\/pt-pt\/#website"},"primaryImageOfPage":{"@id":"https:\/\/life-effect.org\/pt-pt\/2024\/11\/14\/conversa-ets-maximizar-o-fundo-social-para-o-clima-medidas-em-materia-de-despesas-para-uma-transicao-justa\/#primaryimage"},"image":{"@id":"https:\/\/life-effect.org\/pt-pt\/2024\/11\/14\/conversa-ets-maximizar-o-fundo-social-para-o-clima-medidas-em-materia-de-despesas-para-uma-transicao-justa\/#primaryimage"},"thumbnailUrl":"https:\/\/ecyrp6eeuob.exactdn.com\/wp-content\/uploads\/2025\/01\/Photo-by-Miriam-Strong1.jpeg?strip=all","datePublished":"2024-11-14T09:04:52+00:00","author":{"@id":"https:\/\/life-effect.org\/pt-pt\/#\/schema\/person\/ca39d7df1710ab6834a87f03276326e7"},"breadcrumb":{"@id":"https:\/\/life-effect.org\/pt-pt\/2024\/11\/14\/conversa-ets-maximizar-o-fundo-social-para-o-clima-medidas-em-materia-de-despesas-para-uma-transicao-justa\/#breadcrumb"},"inLanguage":"pt-PT","potentialAction":[{"@type":"ReadAction","target":["https:\/\/life-effect.org\/pt-pt\/2024\/11\/14\/conversa-ets-maximizar-o-fundo-social-para-o-clima-medidas-em-materia-de-despesas-para-uma-transicao-justa\/"]}]},{"@type":"ImageObject","inLanguage":"pt-PT","@id":"https:\/\/life-effect.org\/pt-pt\/2024\/11\/14\/conversa-ets-maximizar-o-fundo-social-para-o-clima-medidas-em-materia-de-despesas-para-uma-transicao-justa\/#primaryimage","url":"https:\/\/ecyrp6eeuob.exactdn.com\/wp-content\/uploads\/2025\/01\/Photo-by-Miriam-Strong1.jpeg?strip=all","contentUrl":"https:\/\/ecyrp6eeuob.exactdn.com\/wp-content\/uploads\/2025\/01\/Photo-by-Miriam-Strong1.jpeg?strip=all","width":1920,"height":1440},{"@type":"BreadcrumbList","@id":"https:\/\/life-effect.org\/pt-pt\/2024\/11\/14\/conversa-ets-maximizar-o-fundo-social-para-o-clima-medidas-em-materia-de-despesas-para-uma-transicao-justa\/#breadcrumb","itemListElement":[{"@type":"ListItem","position":1,"name":"Home","item":"https:\/\/life-effect.org\/pt-pt\/"},{"@type":"ListItem","position":2,"name":"Conversa ETS &#8211; Maximizar o Fundo Social para o Clima: Medidas, em mat\u00e9ria de despesas, para uma transi\u00e7\u00e3o justa"}]},{"@type":"WebSite","@id":"https:\/\/life-effect.org\/pt-pt\/#website","url":"https:\/\/life-effect.org\/pt-pt\/","name":"LIFE Effect","description":"For carbon pricing that puts people and planet first","potentialAction":[{"@type":"SearchAction","target":{"@type":"EntryPoint","urlTemplate":"https:\/\/life-effect.org\/pt-pt\/?s={search_term_string}"},"query-input":{"@type":"PropertyValueSpecification","valueRequired":true,"valueName":"search_term_string"}}],"inLanguage":"pt-PT"},{"@type":"Person","@id":"https:\/\/life-effect.org\/pt-pt\/#\/schema\/person\/ca39d7df1710ab6834a87f03276326e7","name":"Islene Fa\u00e7anha","image":{"@type":"ImageObject","inLanguage":"pt-PT","@id":"https:\/\/secure.gravatar.com\/avatar\/ca527f02f9dafec145dd556de6ad233b506807fa07064fe9c78ae660d3bd3011?s=96&d=mm&r=g","url":"https:\/\/secure.gravatar.com\/avatar\/ca527f02f9dafec145dd556de6ad233b506807fa07064fe9c78ae660d3bd3011?s=96&d=mm&r=g","contentUrl":"https:\/\/secure.gravatar.com\/avatar\/ca527f02f9dafec145dd556de6ad233b506807fa07064fe9c78ae660d3bd3011?s=96&d=mm&r=g","caption":"Islene Fa\u00e7anha"},"url":"https:\/\/life-effect.org\/pt-pt\/author\/islene\/"}]}},"_links":{"self":[{"href":"https:\/\/life-effect.org\/pt-pt\/wp-json\/wp\/v2\/posts\/405336","targetHints":{"allow":["GET"]}}],"collection":[{"href":"https:\/\/life-effect.org\/pt-pt\/wp-json\/wp\/v2\/posts"}],"about":[{"href":"https:\/\/life-effect.org\/pt-pt\/wp-json\/wp\/v2\/types\/post"}],"author":[{"embeddable":true,"href":"https:\/\/life-effect.org\/pt-pt\/wp-json\/wp\/v2\/users\/7"}],"replies":[{"embeddable":true,"href":"https:\/\/life-effect.org\/pt-pt\/wp-json\/wp\/v2\/comments?post=405336"}],"version-history":[{"count":0,"href":"https:\/\/life-effect.org\/pt-pt\/wp-json\/wp\/v2\/posts\/405336\/revisions"}],"wp:featuredmedia":[{"embeddable":true,"href":"https:\/\/life-effect.org\/pt-pt\/wp-json\/wp\/v2\/media\/397621"}],"wp:attachment":[{"href":"https:\/\/life-effect.org\/pt-pt\/wp-json\/wp\/v2\/media?parent=405336"}],"wp:term":[{"taxonomy":"category","embeddable":true,"href":"https:\/\/life-effect.org\/pt-pt\/wp-json\/wp\/v2\/categories?post=405336"},{"taxonomy":"post_tag","embeddable":true,"href":"https:\/\/life-effect.org\/pt-pt\/wp-json\/wp\/v2\/tags?post=405336"}],"curies":[{"name":"wp","href":"https:\/\/api.w.org\/{rel}","templated":true}]}}