{"id":405348,"date":"2025-03-13T11:11:42","date_gmt":"2025-03-13T10:11:42","guid":{"rendered":"https:\/\/life-effect.org\/2025\/03\/13\/a-sociedade-civil-e-a-industria-apelam-a-um-mecanismo-de-emprestimo-ets2-para-combater-a-pobreza-nos-sectores-da-energia-e-dos-transportes\/"},"modified":"2025-05-22T12:53:12","modified_gmt":"2025-05-22T10:53:12","slug":"a-sociedade-civil-e-a-industria-apelam-a-um-mecanismo-de-emprestimo-ets2-para-combater-a-pobreza-nos-sectores-da-energia-e-dos-transportes","status":"publish","type":"post","link":"https:\/\/life-effect.org\/pt-pt\/2025\/03\/13\/a-sociedade-civil-e-a-industria-apelam-a-um-mecanismo-de-emprestimo-ets2-para-combater-a-pobreza-nos-sectores-da-energia-e-dos-transportes\/","title":{"rendered":"A sociedade civil e a ind\u00fastria apelam a um mecanismo de empr\u00e9stimo ETS2 para combater a pobreza nos sectores da energia e dos transportes"},"content":{"rendered":"<p><strong style=\"color: #333333; font-size: 22px;\">Dezenas de organiza\u00e7\u00f5es apelam \u00e0 Uni\u00e3o Europeia para que se prepare para o lan\u00e7amento do Sistema de Com\u00e9rcio de Licen\u00e7as de Emiss\u00e3o para os transportes rodovi\u00e1rios e os edif\u00edcios (ETS2), combatendo agora a pobreza nos sectores da energia e dos transportes, atrav\u00e9s de um mecanismo de empr\u00e9stimo que ser\u00e1 financiado com as futuras receitas do ETS2.<\/strong><\/p>\n<p>Hoje (quinta-feira, 13 de mar\u00e7o de 2025), uma coliga\u00e7\u00e3o de 29 organiza\u00e7\u00f5es clim\u00e1ticas e da sociedade civil, juntamente com as partes interessadas que representam a ind\u00fastria progressista, apelaram aos decisores pol\u00edticos para que criem um mecanismo de empr\u00e9stimo para as receitas geradas pelo futuro regime de com\u00e9rcio de licen\u00e7as de emiss\u00e3o da UE para os sectores dos transportes rodovi\u00e1rios e dos edif\u00edcios (ETS2). <!-- \/wp:post-content --> <!-- wp:paragraph --><\/p>\n<p>Numa <a href=\"https:\/\/carbonmarketwatch.org\/publications\/joint-letter-to-establish-an-eu-lending-facility-for-ets2-revenue-for-member-states\/\">carta<\/a> organizada pela Carbon Market Watch, Transport and Environment e Germanwatch, os signat\u00e1rios apelam aos eurodeputados, \u00e0 Comiss\u00e3o Europeia e aos governos dos Estados-Membros para que garantam que a implementa\u00e7\u00e3o do ETS2, um elemento-chave do pacote \u201cObjectivo 55\u201d da UE, seja socialmente justa, mantendo o impacto clim\u00e1tico necess\u00e1rio. <!-- \/wp:paragraph --> <!-- wp:heading {\"level\":3} --><\/p>\n<h3 class=\"wp-block-heading\"><strong>Prazo dos Planos Clim\u00e1ticos Sociais aproxima-se rapidamente<\/strong><!-- \/wp:heading --> <!-- wp:paragraph --><\/h3>\n<p>Ao reduzir o n\u00famero total de licen\u00e7as de polui\u00e7\u00e3o dispon\u00edveis para com\u00e9rcio ano ap\u00f3s ano, o ETS2 tem por objetivo incentivar e facilitar a escolha de tecnologias mais limpas pelos consumidores, descarbonizando simultaneamente os edif\u00edcios e os transportes rodovi\u00e1rios de uma forma eficiente em termos de custos.<\/p>\n<p>O ETS2 constitui tamb\u00e9m uma importante fonte de financiamento de medidas clim\u00e1ticas e sociais nos Estados-Membros da UE, canalizando as suas receitas atrav\u00e9s do regime do Fundo Social para o Clima (SCF). \u00c0 medida que se aproxima rapidamente o prazo de junho de 2025 para a apresenta\u00e7\u00e3o dos Planos Sociais para o Clima, que descrevem a forma como os Estados-Membros gastar\u00e3o a sua dota\u00e7\u00e3o do SCF para combater a pobreza nos sectores dos transportes e da energia, \u00e9 altura de considerar como e quando as restantes receitas do ETS2 devem ser gastas para maximizar os benef\u00edcios para as pessoas e para o clima. <!-- \/wp:paragraph --> <!-- wp:paragraph --><\/p>\n<p>Os signat\u00e1rios consideram que, para preparar melhor os Estados-Membros para a aplica\u00e7\u00e3o do ETS2, deve ser concedido acesso antecipado \u00e0s receitas antes do arranque do sistema em 2027. <!-- \/wp:paragraph --> <!-- wp:paragraph --><\/p>\n<p>Atualmente, a UE-27 s\u00f3 ter\u00e1 acesso a um montante limitado de 4 mil milh\u00f5es de euros do Fundo Social para o Clima em 2026, uma parte dos 86,7 mil milh\u00f5es de euros totais previstos para o SCF entre 2026 e 2032, incluindo o cofinanciamento dos Estados-Membros em 25 %. Prev\u00ea-se que as receitas remanescentes do ETS2 valham quase 200 mil milh\u00f5es de euros entre 2027 e 2032, considerando um pre\u00e7o de \u20ac45 por tonelada de CO<sub>2<\/sub>.  <!-- \/wp:paragraph --> <!-- wp:paragraph --><\/p>\n<p>A introdu\u00e7\u00e3o de um mecanismo de empr\u00e9stimo aumentaria o montante atualmente previsto para a prepara\u00e7\u00e3o do ETS2, atrav\u00e9s da concess\u00e3o de empr\u00e9stimos aos Estados-Membros, garantidos por futuras receitas do ETS2, para investimento com base nos <a href=\"https:\/\/carbonmarketwatch.org\/publications\/green-solidarity-guiding-principles-for-a-truly-just-and-social-climate-fund\/\">princ\u00edpios de despesa do SCF<\/a>, antes de 2026. <!-- \/wp:paragraph --> <!-- wp:paragraph --><\/p>\n<p>Eleanor Scott, especialista em pol\u00edtica dos mercados de carbono da UE do Carbon Market Watch, afirmou: \u201cPermitir que os Estados-Membros gastem as receitas do ETS2 o mais cedo poss\u00edvel no combate \u00e0 pobreza energ\u00e9tica e nos transportes, em conformidade com os objectivos do Fundo Social para o Clima, \u00e9 um passo importante na prepara\u00e7\u00e3o para a introdu\u00e7\u00e3o deste instrumento clim\u00e1tico crucial. <!-- \/wp:paragraph --> <!-- wp:paragraph --><\/p>\n<p>\u201cQuanto mais alternativas de energia limpa forem postas em pr\u00e1tica para os grupos com rendimentos mais baixos antes do arranque do ETS2 em 2027, mais justo ser\u00e1 o sistema e maior ser\u00e1 a sua aceita\u00e7\u00e3o social.\u201d<!-- \/wp:paragraph --> <!-- wp:heading {\"level\":3} --><\/p>\n<h3 class=\"wp-block-heading\"><strong>Como poderia funcionar o mecanismo de empr\u00e9stimo<\/strong><!-- \/wp:heading --> <!-- wp:paragraph --><\/h3>\n<p>Os empr\u00e9stimos seriam recuperados a partir das futuras receitas garantidas do ETS2, que come\u00e7am a entrar todos os anos a partir de 2027. Para conceder estes empr\u00e9stimos, as op\u00e7\u00f5es potenciais incluem o compartimento de empr\u00e9stimos insuficientemente subscrito do Mecanismo de Recupera\u00e7\u00e3o e Resili\u00eancia (MRR) ou dos Fundos de Coes\u00e3o da UE.  <!-- \/wp:paragraph --> <!-- wp:paragraph --><\/p>\n<p>Uma alternativa \u00e9 \u201cantecipar\u201d as receitas utilizando um intermedi\u00e1rio como o Banco Europeu de Investimento (BEI) ou outra institui\u00e7\u00e3o p\u00fablica. O BEI poderia conceder aos Estados-Membros empr\u00e9stimos a juros baixos que seriam reembolsados atrav\u00e9s dos recursos das receitas do ETS2. <!-- \/wp:paragraph --> <!-- wp:paragraph --><\/p>\n<p>O acesso pr\u00e9vio \u00e0s futuras receitas do ETS2 permitir\u00e1 aos Estados-Membros conceder subven\u00e7\u00f5es e investimentos diretos em sistemas de aquecimento e arrefecimento renov\u00e1veis e em op\u00e7\u00f5es de transporte com emiss\u00f5es nulas para as pessoas em situa\u00e7\u00e3o de pobreza nos sectores da energia e dos transportes, antes de o ETS2 ter impacto nos agregados familiares. <!-- \/wp:paragraph --> <!-- wp:paragraph --><\/p>\n<p>Eleanor Scott afirmou: \u201cMuitos Estados-Membros manifestaram a sua preocupa\u00e7\u00e3o com o impacto social do ETS2. Temos de utilizar todos os instrumentos \u00e0 nossa disposi\u00e7\u00e3o, incluindo a concess\u00e3o de acesso antecipado \u00e0s receitas do ETS2, para garantir que as pessoas vulner\u00e1veis n\u00e3o sejam deixadas para tr\u00e1s.\u201d <!-- \/wp:paragraph --> <!-- wp:paragraph --><\/p>\n<p>O crescimento econ\u00f3mico pode ser impulsionado atrav\u00e9s de um maior investimento, incentivando simultaneamente a aceita\u00e7\u00e3o do novo regime de com\u00e9rcio de licen\u00e7as de emiss\u00e3o ETS2 entre os cidad\u00e3os e os governos nacionais. Tal garantir\u00e1 uma aplica\u00e7\u00e3o mais harmoniosa e eficaz do ETS2 e desempenhar\u00e1 um papel importante na viabiliza\u00e7\u00e3o de uma transi\u00e7\u00e3o clim\u00e1tica justa. <\/p>\n<p><!-- \/wp:paragraph --><\/p>\n","protected":false},"excerpt":{"rendered":"<p>Os signat\u00e1rios consideram que, para preparar melhor os Estados-Membros para a aplica\u00e7\u00e3o do ETS2, deve ser concedido acesso antecipado \u00e0s receitas antes do arranque do sistema em 2027<\/p>\n","protected":false},"author":2,"featured_media":404622,"comment_status":"open","ping_status":"open","sticky":false,"template":"","format":"standard","meta":{"_acf_changed":false,"_et_pb_use_builder":"","_et_pb_old_content":"","_et_gb_content_width":"","_monsterinsights_skip_tracking":false,"_monsterinsights_sitenote_active":false,"_monsterinsights_sitenote_note":"","_monsterinsights_sitenote_category":0,"footnotes":""},"categories":[109],"tags":[125,114,124],"class_list":["post-405348","post","type-post","status-publish","format-standard","has-post-thumbnail","hentry","category-noticias","tag-carta-conjunta","tag-cele2","tag-facilidade-de-emprestimo"],"acf":[],"yoast_head":"<!-- This site is optimized with the Yoast SEO plugin v27.5 - https:\/\/yoast.com\/product\/yoast-seo-wordpress\/ -->\n<title>A sociedade civil e a ind\u00fastria apelam a um mecanismo de empr\u00e9stimo ETS2 para combater a pobreza nos sectores da energia e dos transportes - LIFE Effect<\/title>\n<meta name=\"robots\" content=\"index, follow, max-snippet:-1, max-image-preview:large, max-video-preview:-1\" \/>\n<link rel=\"canonical\" href=\"https:\/\/life-effect.org\/pt-pt\/2025\/03\/13\/a-sociedade-civil-e-a-industria-apelam-a-um-mecanismo-de-emprestimo-ets2-para-combater-a-pobreza-nos-sectores-da-energia-e-dos-transportes\/\" \/>\n<meta property=\"og:locale\" content=\"pt_PT\" \/>\n<meta property=\"og:type\" content=\"article\" \/>\n<meta property=\"og:title\" content=\"A sociedade civil e a ind\u00fastria apelam a um mecanismo de empr\u00e9stimo ETS2 para combater a pobreza nos sectores da energia e dos transportes - LIFE Effect\" \/>\n<meta property=\"og:description\" content=\"Os signat\u00e1rios consideram que, para preparar melhor os Estados-Membros para a aplica\u00e7\u00e3o do ETS2, deve ser concedido acesso antecipado \u00e0s receitas antes do arranque do sistema em 2027\" \/>\n<meta property=\"og:url\" content=\"https:\/\/life-effect.org\/pt-pt\/2025\/03\/13\/a-sociedade-civil-e-a-industria-apelam-a-um-mecanismo-de-emprestimo-ets2-para-combater-a-pobreza-nos-sectores-da-energia-e-dos-transportes\/\" \/>\n<meta property=\"og:site_name\" content=\"LIFE Effect\" \/>\n<meta property=\"article:published_time\" content=\"2025-03-13T10:11:42+00:00\" \/>\n<meta property=\"article:modified_time\" content=\"2025-05-22T10:53:12+00:00\" \/>\n<meta property=\"og:image\" content=\"https:\/\/life-effect.org\/wp-content\/uploads\/2025\/03\/damian-kamp-AQnwgnxReq4-unsplash-1-scaled.jpg\" \/>\n\t<meta property=\"og:image:width\" content=\"2560\" \/>\n\t<meta property=\"og:image:height\" content=\"2048\" \/>\n\t<meta property=\"og:image:type\" content=\"image\/jpeg\" \/>\n<meta name=\"author\" content=\"Gavin Mair\" \/>\n<meta name=\"twitter:card\" content=\"summary_large_image\" \/>\n<meta name=\"twitter:label1\" content=\"Escrito por\" \/>\n\t<meta name=\"twitter:data1\" content=\"Gavin Mair\" \/>\n\t<meta name=\"twitter:label2\" content=\"Tempo estimado de leitura\" \/>\n\t<meta name=\"twitter:data2\" content=\"4 minutos\" \/>\n<script type=\"application\/ld+json\" class=\"yoast-schema-graph\">{\"@context\":\"https:\\\/\\\/schema.org\",\"@graph\":[{\"@type\":\"Article\",\"@id\":\"https:\\\/\\\/life-effect.org\\\/pt-pt\\\/2025\\\/03\\\/13\\\/a-sociedade-civil-e-a-industria-apelam-a-um-mecanismo-de-emprestimo-ets2-para-combater-a-pobreza-nos-sectores-da-energia-e-dos-transportes\\\/#article\",\"isPartOf\":{\"@id\":\"https:\\\/\\\/life-effect.org\\\/pt-pt\\\/2025\\\/03\\\/13\\\/a-sociedade-civil-e-a-industria-apelam-a-um-mecanismo-de-emprestimo-ets2-para-combater-a-pobreza-nos-sectores-da-energia-e-dos-transportes\\\/\"},\"author\":{\"name\":\"Gavin Mair\",\"@id\":\"https:\\\/\\\/life-effect.org\\\/pt-pt\\\/#\\\/schema\\\/person\\\/bb113160376f428cb129b13442c03d0b\"},\"headline\":\"A sociedade civil e a ind\u00fastria apelam a um mecanismo de empr\u00e9stimo ETS2 para combater a pobreza nos sectores da energia e dos transportes\",\"datePublished\":\"2025-03-13T10:11:42+00:00\",\"dateModified\":\"2025-05-22T10:53:12+00:00\",\"mainEntityOfPage\":{\"@id\":\"https:\\\/\\\/life-effect.org\\\/pt-pt\\\/2025\\\/03\\\/13\\\/a-sociedade-civil-e-a-industria-apelam-a-um-mecanismo-de-emprestimo-ets2-para-combater-a-pobreza-nos-sectores-da-energia-e-dos-transportes\\\/\"},\"wordCount\":920,\"commentCount\":0,\"image\":{\"@id\":\"https:\\\/\\\/life-effect.org\\\/pt-pt\\\/2025\\\/03\\\/13\\\/a-sociedade-civil-e-a-industria-apelam-a-um-mecanismo-de-emprestimo-ets2-para-combater-a-pobreza-nos-sectores-da-energia-e-dos-transportes\\\/#primaryimage\"},\"thumbnailUrl\":\"https:\\\/\\\/ecyrp6eeuob.exactdn.com\\\/wp-content\\\/uploads\\\/2025\\\/03\\\/damian-kamp-AQnwgnxReq4-unsplash-1-scaled.jpg?strip=all\",\"keywords\":[\"carta conjunta\",\"cele2\",\"facilidade de empr\u00e9stimo\"],\"articleSection\":[\"Not\u00edcias\"],\"inLanguage\":\"pt-PT\"},{\"@type\":\"WebPage\",\"@id\":\"https:\\\/\\\/life-effect.org\\\/pt-pt\\\/2025\\\/03\\\/13\\\/a-sociedade-civil-e-a-industria-apelam-a-um-mecanismo-de-emprestimo-ets2-para-combater-a-pobreza-nos-sectores-da-energia-e-dos-transportes\\\/\",\"url\":\"https:\\\/\\\/life-effect.org\\\/pt-pt\\\/2025\\\/03\\\/13\\\/a-sociedade-civil-e-a-industria-apelam-a-um-mecanismo-de-emprestimo-ets2-para-combater-a-pobreza-nos-sectores-da-energia-e-dos-transportes\\\/\",\"name\":\"A sociedade civil e a ind\u00fastria apelam a um mecanismo de empr\u00e9stimo ETS2 para combater a pobreza nos sectores da energia e dos transportes - LIFE Effect\",\"isPartOf\":{\"@id\":\"https:\\\/\\\/life-effect.org\\\/pt-pt\\\/#website\"},\"primaryImageOfPage\":{\"@id\":\"https:\\\/\\\/life-effect.org\\\/pt-pt\\\/2025\\\/03\\\/13\\\/a-sociedade-civil-e-a-industria-apelam-a-um-mecanismo-de-emprestimo-ets2-para-combater-a-pobreza-nos-sectores-da-energia-e-dos-transportes\\\/#primaryimage\"},\"image\":{\"@id\":\"https:\\\/\\\/life-effect.org\\\/pt-pt\\\/2025\\\/03\\\/13\\\/a-sociedade-civil-e-a-industria-apelam-a-um-mecanismo-de-emprestimo-ets2-para-combater-a-pobreza-nos-sectores-da-energia-e-dos-transportes\\\/#primaryimage\"},\"thumbnailUrl\":\"https:\\\/\\\/ecyrp6eeuob.exactdn.com\\\/wp-content\\\/uploads\\\/2025\\\/03\\\/damian-kamp-AQnwgnxReq4-unsplash-1-scaled.jpg?strip=all\",\"datePublished\":\"2025-03-13T10:11:42+00:00\",\"dateModified\":\"2025-05-22T10:53:12+00:00\",\"author\":{\"@id\":\"https:\\\/\\\/life-effect.org\\\/pt-pt\\\/#\\\/schema\\\/person\\\/bb113160376f428cb129b13442c03d0b\"},\"breadcrumb\":{\"@id\":\"https:\\\/\\\/life-effect.org\\\/pt-pt\\\/2025\\\/03\\\/13\\\/a-sociedade-civil-e-a-industria-apelam-a-um-mecanismo-de-emprestimo-ets2-para-combater-a-pobreza-nos-sectores-da-energia-e-dos-transportes\\\/#breadcrumb\"},\"inLanguage\":\"pt-PT\",\"potentialAction\":[{\"@type\":\"ReadAction\",\"target\":[\"https:\\\/\\\/life-effect.org\\\/pt-pt\\\/2025\\\/03\\\/13\\\/a-sociedade-civil-e-a-industria-apelam-a-um-mecanismo-de-emprestimo-ets2-para-combater-a-pobreza-nos-sectores-da-energia-e-dos-transportes\\\/\"]}]},{\"@type\":\"ImageObject\",\"inLanguage\":\"pt-PT\",\"@id\":\"https:\\\/\\\/life-effect.org\\\/pt-pt\\\/2025\\\/03\\\/13\\\/a-sociedade-civil-e-a-industria-apelam-a-um-mecanismo-de-emprestimo-ets2-para-combater-a-pobreza-nos-sectores-da-energia-e-dos-transportes\\\/#primaryimage\",\"url\":\"https:\\\/\\\/ecyrp6eeuob.exactdn.com\\\/wp-content\\\/uploads\\\/2025\\\/03\\\/damian-kamp-AQnwgnxReq4-unsplash-1-scaled.jpg?strip=all\",\"contentUrl\":\"https:\\\/\\\/ecyrp6eeuob.exactdn.com\\\/wp-content\\\/uploads\\\/2025\\\/03\\\/damian-kamp-AQnwgnxReq4-unsplash-1-scaled.jpg?strip=all\",\"width\":2560,\"height\":2048,\"caption\":\"Damian Kamp, Unsplash\"},{\"@type\":\"BreadcrumbList\",\"@id\":\"https:\\\/\\\/life-effect.org\\\/pt-pt\\\/2025\\\/03\\\/13\\\/a-sociedade-civil-e-a-industria-apelam-a-um-mecanismo-de-emprestimo-ets2-para-combater-a-pobreza-nos-sectores-da-energia-e-dos-transportes\\\/#breadcrumb\",\"itemListElement\":[{\"@type\":\"ListItem\",\"position\":1,\"name\":\"Home\",\"item\":\"https:\\\/\\\/life-effect.org\\\/pt-pt\\\/\"},{\"@type\":\"ListItem\",\"position\":2,\"name\":\"A sociedade civil e a ind\u00fastria apelam a um mecanismo de empr\u00e9stimo ETS2 para combater a pobreza nos sectores da energia e dos transportes\"}]},{\"@type\":\"WebSite\",\"@id\":\"https:\\\/\\\/life-effect.org\\\/pt-pt\\\/#website\",\"url\":\"https:\\\/\\\/life-effect.org\\\/pt-pt\\\/\",\"name\":\"LIFE Effect\",\"description\":\"For carbon pricing that puts people and planet first\",\"potentialAction\":[{\"@type\":\"SearchAction\",\"target\":{\"@type\":\"EntryPoint\",\"urlTemplate\":\"https:\\\/\\\/life-effect.org\\\/pt-pt\\\/?s={search_term_string}\"},\"query-input\":{\"@type\":\"PropertyValueSpecification\",\"valueRequired\":true,\"valueName\":\"search_term_string\"}}],\"inLanguage\":\"pt-PT\"},{\"@type\":\"Person\",\"@id\":\"https:\\\/\\\/life-effect.org\\\/pt-pt\\\/#\\\/schema\\\/person\\\/bb113160376f428cb129b13442c03d0b\",\"name\":\"Gavin Mair\",\"image\":{\"@type\":\"ImageObject\",\"inLanguage\":\"pt-PT\",\"@id\":\"https:\\\/\\\/secure.gravatar.com\\\/avatar\\\/0022186d5ad062a76276c53233411a52f29ba581caf457cb1ffeddb228d0ec4f?s=96&d=mm&r=g\",\"url\":\"https:\\\/\\\/secure.gravatar.com\\\/avatar\\\/0022186d5ad062a76276c53233411a52f29ba581caf457cb1ffeddb228d0ec4f?s=96&d=mm&r=g\",\"contentUrl\":\"https:\\\/\\\/secure.gravatar.com\\\/avatar\\\/0022186d5ad062a76276c53233411a52f29ba581caf457cb1ffeddb228d0ec4f?s=96&d=mm&r=g\",\"caption\":\"Gavin Mair\"},\"url\":\"https:\\\/\\\/life-effect.org\\\/pt-pt\\\/author\\\/gavin\\\/\"}]}<\/script>\n<!-- \/ Yoast SEO plugin. -->","yoast_head_json":{"title":"A sociedade civil e a ind\u00fastria apelam a um mecanismo de empr\u00e9stimo ETS2 para combater a pobreza nos sectores da energia e dos transportes - LIFE Effect","robots":{"index":"index","follow":"follow","max-snippet":"max-snippet:-1","max-image-preview":"max-image-preview:large","max-video-preview":"max-video-preview:-1"},"canonical":"https:\/\/life-effect.org\/pt-pt\/2025\/03\/13\/a-sociedade-civil-e-a-industria-apelam-a-um-mecanismo-de-emprestimo-ets2-para-combater-a-pobreza-nos-sectores-da-energia-e-dos-transportes\/","og_locale":"pt_PT","og_type":"article","og_title":"A sociedade civil e a ind\u00fastria apelam a um mecanismo de empr\u00e9stimo ETS2 para combater a pobreza nos sectores da energia e dos transportes - LIFE Effect","og_description":"Os signat\u00e1rios consideram que, para preparar melhor os Estados-Membros para a aplica\u00e7\u00e3o do ETS2, deve ser concedido acesso antecipado \u00e0s receitas antes do arranque do sistema em 2027","og_url":"https:\/\/life-effect.org\/pt-pt\/2025\/03\/13\/a-sociedade-civil-e-a-industria-apelam-a-um-mecanismo-de-emprestimo-ets2-para-combater-a-pobreza-nos-sectores-da-energia-e-dos-transportes\/","og_site_name":"LIFE Effect","article_published_time":"2025-03-13T10:11:42+00:00","article_modified_time":"2025-05-22T10:53:12+00:00","og_image":[{"width":2560,"height":2048,"url":"https:\/\/life-effect.org\/wp-content\/uploads\/2025\/03\/damian-kamp-AQnwgnxReq4-unsplash-1-scaled.jpg","type":"image\/jpeg"}],"author":"Gavin Mair","twitter_card":"summary_large_image","twitter_misc":{"Escrito por":"Gavin Mair","Tempo estimado de leitura":"4 minutos"},"schema":{"@context":"https:\/\/schema.org","@graph":[{"@type":"Article","@id":"https:\/\/life-effect.org\/pt-pt\/2025\/03\/13\/a-sociedade-civil-e-a-industria-apelam-a-um-mecanismo-de-emprestimo-ets2-para-combater-a-pobreza-nos-sectores-da-energia-e-dos-transportes\/#article","isPartOf":{"@id":"https:\/\/life-effect.org\/pt-pt\/2025\/03\/13\/a-sociedade-civil-e-a-industria-apelam-a-um-mecanismo-de-emprestimo-ets2-para-combater-a-pobreza-nos-sectores-da-energia-e-dos-transportes\/"},"author":{"name":"Gavin Mair","@id":"https:\/\/life-effect.org\/pt-pt\/#\/schema\/person\/bb113160376f428cb129b13442c03d0b"},"headline":"A sociedade civil e a ind\u00fastria apelam a um mecanismo de empr\u00e9stimo ETS2 para combater a pobreza nos sectores da energia e dos transportes","datePublished":"2025-03-13T10:11:42+00:00","dateModified":"2025-05-22T10:53:12+00:00","mainEntityOfPage":{"@id":"https:\/\/life-effect.org\/pt-pt\/2025\/03\/13\/a-sociedade-civil-e-a-industria-apelam-a-um-mecanismo-de-emprestimo-ets2-para-combater-a-pobreza-nos-sectores-da-energia-e-dos-transportes\/"},"wordCount":920,"commentCount":0,"image":{"@id":"https:\/\/life-effect.org\/pt-pt\/2025\/03\/13\/a-sociedade-civil-e-a-industria-apelam-a-um-mecanismo-de-emprestimo-ets2-para-combater-a-pobreza-nos-sectores-da-energia-e-dos-transportes\/#primaryimage"},"thumbnailUrl":"https:\/\/ecyrp6eeuob.exactdn.com\/wp-content\/uploads\/2025\/03\/damian-kamp-AQnwgnxReq4-unsplash-1-scaled.jpg?strip=all","keywords":["carta conjunta","cele2","facilidade de empr\u00e9stimo"],"articleSection":["Not\u00edcias"],"inLanguage":"pt-PT"},{"@type":"WebPage","@id":"https:\/\/life-effect.org\/pt-pt\/2025\/03\/13\/a-sociedade-civil-e-a-industria-apelam-a-um-mecanismo-de-emprestimo-ets2-para-combater-a-pobreza-nos-sectores-da-energia-e-dos-transportes\/","url":"https:\/\/life-effect.org\/pt-pt\/2025\/03\/13\/a-sociedade-civil-e-a-industria-apelam-a-um-mecanismo-de-emprestimo-ets2-para-combater-a-pobreza-nos-sectores-da-energia-e-dos-transportes\/","name":"A sociedade civil e a ind\u00fastria apelam a um mecanismo de empr\u00e9stimo ETS2 para combater a pobreza nos sectores da energia e dos transportes - LIFE Effect","isPartOf":{"@id":"https:\/\/life-effect.org\/pt-pt\/#website"},"primaryImageOfPage":{"@id":"https:\/\/life-effect.org\/pt-pt\/2025\/03\/13\/a-sociedade-civil-e-a-industria-apelam-a-um-mecanismo-de-emprestimo-ets2-para-combater-a-pobreza-nos-sectores-da-energia-e-dos-transportes\/#primaryimage"},"image":{"@id":"https:\/\/life-effect.org\/pt-pt\/2025\/03\/13\/a-sociedade-civil-e-a-industria-apelam-a-um-mecanismo-de-emprestimo-ets2-para-combater-a-pobreza-nos-sectores-da-energia-e-dos-transportes\/#primaryimage"},"thumbnailUrl":"https:\/\/ecyrp6eeuob.exactdn.com\/wp-content\/uploads\/2025\/03\/damian-kamp-AQnwgnxReq4-unsplash-1-scaled.jpg?strip=all","datePublished":"2025-03-13T10:11:42+00:00","dateModified":"2025-05-22T10:53:12+00:00","author":{"@id":"https:\/\/life-effect.org\/pt-pt\/#\/schema\/person\/bb113160376f428cb129b13442c03d0b"},"breadcrumb":{"@id":"https:\/\/life-effect.org\/pt-pt\/2025\/03\/13\/a-sociedade-civil-e-a-industria-apelam-a-um-mecanismo-de-emprestimo-ets2-para-combater-a-pobreza-nos-sectores-da-energia-e-dos-transportes\/#breadcrumb"},"inLanguage":"pt-PT","potentialAction":[{"@type":"ReadAction","target":["https:\/\/life-effect.org\/pt-pt\/2025\/03\/13\/a-sociedade-civil-e-a-industria-apelam-a-um-mecanismo-de-emprestimo-ets2-para-combater-a-pobreza-nos-sectores-da-energia-e-dos-transportes\/"]}]},{"@type":"ImageObject","inLanguage":"pt-PT","@id":"https:\/\/life-effect.org\/pt-pt\/2025\/03\/13\/a-sociedade-civil-e-a-industria-apelam-a-um-mecanismo-de-emprestimo-ets2-para-combater-a-pobreza-nos-sectores-da-energia-e-dos-transportes\/#primaryimage","url":"https:\/\/ecyrp6eeuob.exactdn.com\/wp-content\/uploads\/2025\/03\/damian-kamp-AQnwgnxReq4-unsplash-1-scaled.jpg?strip=all","contentUrl":"https:\/\/ecyrp6eeuob.exactdn.com\/wp-content\/uploads\/2025\/03\/damian-kamp-AQnwgnxReq4-unsplash-1-scaled.jpg?strip=all","width":2560,"height":2048,"caption":"Damian Kamp, Unsplash"},{"@type":"BreadcrumbList","@id":"https:\/\/life-effect.org\/pt-pt\/2025\/03\/13\/a-sociedade-civil-e-a-industria-apelam-a-um-mecanismo-de-emprestimo-ets2-para-combater-a-pobreza-nos-sectores-da-energia-e-dos-transportes\/#breadcrumb","itemListElement":[{"@type":"ListItem","position":1,"name":"Home","item":"https:\/\/life-effect.org\/pt-pt\/"},{"@type":"ListItem","position":2,"name":"A sociedade civil e a ind\u00fastria apelam a um mecanismo de empr\u00e9stimo ETS2 para combater a pobreza nos sectores da energia e dos transportes"}]},{"@type":"WebSite","@id":"https:\/\/life-effect.org\/pt-pt\/#website","url":"https:\/\/life-effect.org\/pt-pt\/","name":"LIFE Effect","description":"For carbon pricing that puts people and planet first","potentialAction":[{"@type":"SearchAction","target":{"@type":"EntryPoint","urlTemplate":"https:\/\/life-effect.org\/pt-pt\/?s={search_term_string}"},"query-input":{"@type":"PropertyValueSpecification","valueRequired":true,"valueName":"search_term_string"}}],"inLanguage":"pt-PT"},{"@type":"Person","@id":"https:\/\/life-effect.org\/pt-pt\/#\/schema\/person\/bb113160376f428cb129b13442c03d0b","name":"Gavin Mair","image":{"@type":"ImageObject","inLanguage":"pt-PT","@id":"https:\/\/secure.gravatar.com\/avatar\/0022186d5ad062a76276c53233411a52f29ba581caf457cb1ffeddb228d0ec4f?s=96&d=mm&r=g","url":"https:\/\/secure.gravatar.com\/avatar\/0022186d5ad062a76276c53233411a52f29ba581caf457cb1ffeddb228d0ec4f?s=96&d=mm&r=g","contentUrl":"https:\/\/secure.gravatar.com\/avatar\/0022186d5ad062a76276c53233411a52f29ba581caf457cb1ffeddb228d0ec4f?s=96&d=mm&r=g","caption":"Gavin Mair"},"url":"https:\/\/life-effect.org\/pt-pt\/author\/gavin\/"}]}},"_links":{"self":[{"href":"https:\/\/life-effect.org\/pt-pt\/wp-json\/wp\/v2\/posts\/405348","targetHints":{"allow":["GET"]}}],"collection":[{"href":"https:\/\/life-effect.org\/pt-pt\/wp-json\/wp\/v2\/posts"}],"about":[{"href":"https:\/\/life-effect.org\/pt-pt\/wp-json\/wp\/v2\/types\/post"}],"author":[{"embeddable":true,"href":"https:\/\/life-effect.org\/pt-pt\/wp-json\/wp\/v2\/users\/2"}],"replies":[{"embeddable":true,"href":"https:\/\/life-effect.org\/pt-pt\/wp-json\/wp\/v2\/comments?post=405348"}],"version-history":[{"count":1,"href":"https:\/\/life-effect.org\/pt-pt\/wp-json\/wp\/v2\/posts\/405348\/revisions"}],"predecessor-version":[{"id":405349,"href":"https:\/\/life-effect.org\/pt-pt\/wp-json\/wp\/v2\/posts\/405348\/revisions\/405349"}],"wp:featuredmedia":[{"embeddable":true,"href":"https:\/\/life-effect.org\/pt-pt\/wp-json\/wp\/v2\/media\/404622"}],"wp:attachment":[{"href":"https:\/\/life-effect.org\/pt-pt\/wp-json\/wp\/v2\/media?parent=405348"}],"wp:term":[{"taxonomy":"category","embeddable":true,"href":"https:\/\/life-effect.org\/pt-pt\/wp-json\/wp\/v2\/categories?post=405348"},{"taxonomy":"post_tag","embeddable":true,"href":"https:\/\/life-effect.org\/pt-pt\/wp-json\/wp\/v2\/tags?post=405348"}],"curies":[{"name":"wp","href":"https:\/\/api.w.org\/{rel}","templated":true}]}}