{"id":408540,"date":"2025-05-01T16:35:04","date_gmt":"2025-05-01T14:35:04","guid":{"rendered":"https:\/\/life-effect.org\/2025\/05\/01\/o-que-e-o-cele-2-e-porque-e-que-nos-diz-respeito\/"},"modified":"2025-05-01T16:35:04","modified_gmt":"2025-05-01T14:35:04","slug":"o-que-e-o-cele-2-e-porque-e-que-nos-diz-respeito","status":"publish","type":"post","link":"https:\/\/life-effect.org\/pt-pt\/2025\/05\/01\/o-que-e-o-cele-2-e-porque-e-que-nos-diz-respeito\/","title":{"rendered":"O que \u00e9 o CELE 2 e porque \u00e9 que nos diz respeito?"},"content":{"rendered":"<p>Na ter\u00e7a-feira, 29 de abril, o Green Tank organizou o webinar &#8220;O que \u00e9 o CELE 2 e porque nos diz respeito?&#8221;, no contexto do projeto LIFE Effect.<\/p>\n<p>O semin\u00e1rio contou com a participa\u00e7\u00e3o de actores da sociedade civil, representantes de organiza\u00e7\u00f5es de consumidores, associa\u00e7\u00f5es, autoridades reguladoras, investigadores e profissionais.<\/p>\n<p>O objetivo do semin\u00e1rio era fornecer informa\u00e7\u00f5es sobre o novo Sistema de Com\u00e9rcio de Licen\u00e7as de Emiss\u00e3o -CELE 2, que dever\u00e1 ser implementado em 2027 e visa descarbonizar os sectores dos edif\u00edcios e dos transportes rodovi\u00e1rios.<\/p>\n<p>Reconhecendo a import\u00e2ncia de abordar os impactos socioecon\u00f3micos da aplica\u00e7\u00e3o do RCLE 2, foram apresentados todos os recursos financeiros dispon\u00edveis que podem ser canalizados para atenuar os impactos. A \u00eanfase foi colocada no Fundo Social para o Clima, criado pela Uni\u00e3o Europeia para proteger os grupos vulner\u00e1veis dos impactos do CELE 2. <\/p>\n<p>Uma vez que os Estados-Membros devem preparar e apresentar planos sociais e clim\u00e1ticos at\u00e9 junho de 2025, foram apresentadas as disposi\u00e7\u00f5es do regulamento pertinente sobre o conte\u00fado desses planos e as medidas eleg\u00edveis para fazer face \u00e0 vulnerabilidade energ\u00e9tica e dos transportes.<\/p>\n<p>Neste contexto, foi sublinhada a import\u00e2ncia da participa\u00e7\u00e3o ativa das partes interessadas na conce\u00e7\u00e3o das estrat\u00e9gias nacionais. Para o efeito, The Green Tank, em colabora\u00e7\u00e3o com a empresa de investiga\u00e7\u00e3o social QED, realizou uma s\u00e9rie de entrevistas com v\u00e1rias partes interessadas e analisou as diferentes perspectivas e os principais desafios identificados na aplica\u00e7\u00e3o do novo sistema. <\/p>\n<p>O semin\u00e1rio terminou com coment\u00e1rios e debates frutuosos entre os participantes no webinar, sublinhando a import\u00e2ncia do di\u00e1logo e da troca de experi\u00eancias tendo em vista a aplica\u00e7\u00e3o do CELE 2.<\/p>\n<p>O projeto LIFE Effect, no qual o The Green Tank participa juntamente com 8 organiza\u00e7\u00f5es dos Estados-Membros da UE e \u00e9 coordenado pelo Carbon Market Watch, visa refor\u00e7ar os conhecimentos, as compet\u00eancias e a liga\u00e7\u00e3o em rede da sociedade civil e de outras partes interessadas, com vista a uma aplica\u00e7\u00e3o justa e socialmente sustent\u00e1vel do CELE 2.<\/p>\n<p><a href=\"https:\/\/thegreentank.gr\/en\/2025\/04\/30\/webinar-ets2-en\/\">Este artigo foi publicado pela primeira vez no s\u00edtio Web do The Green Tank em 30 de abril de 2025<\/a><\/p>\n","protected":false},"excerpt":{"rendered":"<p>O objetivo do semin\u00e1rio era fornecer informa\u00e7\u00f5es sobre o novo Sistema de Com\u00e9rcio de Emiss\u00f5es &#8211; CELE 2, que dever\u00e1 ser implementado em 2027 e visa descarbonizar os sectores dos edif\u00edcios e dos transportes rodovi\u00e1rios.<\/p>\n","protected":false},"author":2,"featured_media":397781,"comment_status":"closed","ping_status":"closed","sticky":false,"template":"","format":"standard","meta":{"_acf_changed":false,"_et_pb_use_builder":"","_et_pb_old_content":"","_et_gb_content_width":"","_monsterinsights_skip_tracking":false,"_monsterinsights_sitenote_active":false,"_monsterinsights_sitenote_note":"","_monsterinsights_sitenote_category":0,"footnotes":""},"categories":[109],"tags":[114,117],"class_list":["post-408540","post","type-post","status-publish","format-standard","has-post-thumbnail","hentry","category-noticias","tag-cele2","tag-planos-sociais-para-o-clima"],"acf":[],"yoast_head":"<!-- This site is optimized with the Yoast SEO plugin v27.5 - https:\/\/yoast.com\/product\/yoast-seo-wordpress\/ -->\n<title>O que \u00e9 o CELE 2 e porque \u00e9 que nos diz respeito? - LIFE Effect<\/title>\n<meta name=\"robots\" content=\"index, follow, max-snippet:-1, max-image-preview:large, max-video-preview:-1\" \/>\n<link rel=\"canonical\" href=\"https:\/\/life-effect.org\/pt-pt\/2025\/05\/01\/o-que-e-o-cele-2-e-porque-e-que-nos-diz-respeito\/\" \/>\n<meta property=\"og:locale\" content=\"pt_PT\" \/>\n<meta property=\"og:type\" content=\"article\" \/>\n<meta property=\"og:title\" content=\"O que \u00e9 o CELE 2 e porque \u00e9 que nos diz respeito? - LIFE Effect\" \/>\n<meta property=\"og:description\" content=\"O objetivo do semin\u00e1rio era fornecer informa\u00e7\u00f5es sobre o novo Sistema de Com\u00e9rcio de Emiss\u00f5es - CELE 2, que dever\u00e1 ser implementado em 2027 e visa descarbonizar os sectores dos edif\u00edcios e dos transportes rodovi\u00e1rios.\" \/>\n<meta property=\"og:url\" content=\"https:\/\/life-effect.org\/pt-pt\/2025\/05\/01\/o-que-e-o-cele-2-e-porque-e-que-nos-diz-respeito\/\" \/>\n<meta property=\"og:site_name\" content=\"LIFE Effect\" \/>\n<meta property=\"article:published_time\" content=\"2025-05-01T14:35:04+00:00\" \/>\n<meta property=\"og:image\" content=\"https:\/\/life-effect.org\/wp-content\/uploads\/2025\/01\/Photo-by-Miriam-Strong9-1024x768.jpeg\" \/>\n\t<meta property=\"og:image:width\" content=\"1024\" \/>\n\t<meta property=\"og:image:height\" content=\"768\" \/>\n\t<meta property=\"og:image:type\" content=\"image\/jpeg\" \/>\n<meta name=\"author\" content=\"Gavin Mair\" \/>\n<meta name=\"twitter:card\" content=\"summary_large_image\" \/>\n<meta name=\"twitter:label1\" content=\"Escrito por\" \/>\n\t<meta name=\"twitter:data1\" content=\"Gavin Mair\" \/>\n\t<meta name=\"twitter:label2\" content=\"Tempo estimado de leitura\" \/>\n\t<meta name=\"twitter:data2\" content=\"2 minutos\" \/>\n<script type=\"application\/ld+json\" class=\"yoast-schema-graph\">{\"@context\":\"https:\\\/\\\/schema.org\",\"@graph\":[{\"@type\":\"Article\",\"@id\":\"https:\\\/\\\/life-effect.org\\\/pt-pt\\\/2025\\\/05\\\/01\\\/o-que-e-o-cele-2-e-porque-e-que-nos-diz-respeito\\\/#article\",\"isPartOf\":{\"@id\":\"https:\\\/\\\/life-effect.org\\\/pt-pt\\\/2025\\\/05\\\/01\\\/o-que-e-o-cele-2-e-porque-e-que-nos-diz-respeito\\\/\"},\"author\":{\"name\":\"Gavin Mair\",\"@id\":\"https:\\\/\\\/life-effect.org\\\/pt-pt\\\/#\\\/schema\\\/person\\\/bb113160376f428cb129b13442c03d0b\"},\"headline\":\"O que \u00e9 o CELE 2 e porque \u00e9 que nos diz respeito?\",\"datePublished\":\"2025-05-01T14:35:04+00:00\",\"mainEntityOfPage\":{\"@id\":\"https:\\\/\\\/life-effect.org\\\/pt-pt\\\/2025\\\/05\\\/01\\\/o-que-e-o-cele-2-e-porque-e-que-nos-diz-respeito\\\/\"},\"wordCount\":384,\"image\":{\"@id\":\"https:\\\/\\\/life-effect.org\\\/pt-pt\\\/2025\\\/05\\\/01\\\/o-que-e-o-cele-2-e-porque-e-que-nos-diz-respeito\\\/#primaryimage\"},\"thumbnailUrl\":\"https:\\\/\\\/ecyrp6eeuob.exactdn.com\\\/wp-content\\\/uploads\\\/2025\\\/01\\\/Photo-by-Miriam-Strong9.jpeg?strip=all\",\"keywords\":[\"cele2\",\"planos sociais para o clima\"],\"articleSection\":[\"Not\u00edcias\"],\"inLanguage\":\"pt-PT\"},{\"@type\":\"WebPage\",\"@id\":\"https:\\\/\\\/life-effect.org\\\/pt-pt\\\/2025\\\/05\\\/01\\\/o-que-e-o-cele-2-e-porque-e-que-nos-diz-respeito\\\/\",\"url\":\"https:\\\/\\\/life-effect.org\\\/pt-pt\\\/2025\\\/05\\\/01\\\/o-que-e-o-cele-2-e-porque-e-que-nos-diz-respeito\\\/\",\"name\":\"O que \u00e9 o CELE 2 e porque \u00e9 que nos diz respeito? - LIFE Effect\",\"isPartOf\":{\"@id\":\"https:\\\/\\\/life-effect.org\\\/pt-pt\\\/#website\"},\"primaryImageOfPage\":{\"@id\":\"https:\\\/\\\/life-effect.org\\\/pt-pt\\\/2025\\\/05\\\/01\\\/o-que-e-o-cele-2-e-porque-e-que-nos-diz-respeito\\\/#primaryimage\"},\"image\":{\"@id\":\"https:\\\/\\\/life-effect.org\\\/pt-pt\\\/2025\\\/05\\\/01\\\/o-que-e-o-cele-2-e-porque-e-que-nos-diz-respeito\\\/#primaryimage\"},\"thumbnailUrl\":\"https:\\\/\\\/ecyrp6eeuob.exactdn.com\\\/wp-content\\\/uploads\\\/2025\\\/01\\\/Photo-by-Miriam-Strong9.jpeg?strip=all\",\"datePublished\":\"2025-05-01T14:35:04+00:00\",\"author\":{\"@id\":\"https:\\\/\\\/life-effect.org\\\/pt-pt\\\/#\\\/schema\\\/person\\\/bb113160376f428cb129b13442c03d0b\"},\"breadcrumb\":{\"@id\":\"https:\\\/\\\/life-effect.org\\\/pt-pt\\\/2025\\\/05\\\/01\\\/o-que-e-o-cele-2-e-porque-e-que-nos-diz-respeito\\\/#breadcrumb\"},\"inLanguage\":\"pt-PT\",\"potentialAction\":[{\"@type\":\"ReadAction\",\"target\":[\"https:\\\/\\\/life-effect.org\\\/pt-pt\\\/2025\\\/05\\\/01\\\/o-que-e-o-cele-2-e-porque-e-que-nos-diz-respeito\\\/\"]}]},{\"@type\":\"ImageObject\",\"inLanguage\":\"pt-PT\",\"@id\":\"https:\\\/\\\/life-effect.org\\\/pt-pt\\\/2025\\\/05\\\/01\\\/o-que-e-o-cele-2-e-porque-e-que-nos-diz-respeito\\\/#primaryimage\",\"url\":\"https:\\\/\\\/ecyrp6eeuob.exactdn.com\\\/wp-content\\\/uploads\\\/2025\\\/01\\\/Photo-by-Miriam-Strong9.jpeg?strip=all\",\"contentUrl\":\"https:\\\/\\\/ecyrp6eeuob.exactdn.com\\\/wp-content\\\/uploads\\\/2025\\\/01\\\/Photo-by-Miriam-Strong9.jpeg?strip=all\",\"width\":1920,\"height\":1440},{\"@type\":\"BreadcrumbList\",\"@id\":\"https:\\\/\\\/life-effect.org\\\/pt-pt\\\/2025\\\/05\\\/01\\\/o-que-e-o-cele-2-e-porque-e-que-nos-diz-respeito\\\/#breadcrumb\",\"itemListElement\":[{\"@type\":\"ListItem\",\"position\":1,\"name\":\"Home\",\"item\":\"https:\\\/\\\/life-effect.org\\\/pt-pt\\\/\"},{\"@type\":\"ListItem\",\"position\":2,\"name\":\"O que \u00e9 o CELE 2 e porque \u00e9 que nos diz respeito?\"}]},{\"@type\":\"WebSite\",\"@id\":\"https:\\\/\\\/life-effect.org\\\/pt-pt\\\/#website\",\"url\":\"https:\\\/\\\/life-effect.org\\\/pt-pt\\\/\",\"name\":\"LIFE Effect\",\"description\":\"For carbon pricing that puts people and planet first\",\"potentialAction\":[{\"@type\":\"SearchAction\",\"target\":{\"@type\":\"EntryPoint\",\"urlTemplate\":\"https:\\\/\\\/life-effect.org\\\/pt-pt\\\/?s={search_term_string}\"},\"query-input\":{\"@type\":\"PropertyValueSpecification\",\"valueRequired\":true,\"valueName\":\"search_term_string\"}}],\"inLanguage\":\"pt-PT\"},{\"@type\":\"Person\",\"@id\":\"https:\\\/\\\/life-effect.org\\\/pt-pt\\\/#\\\/schema\\\/person\\\/bb113160376f428cb129b13442c03d0b\",\"name\":\"Gavin Mair\",\"image\":{\"@type\":\"ImageObject\",\"inLanguage\":\"pt-PT\",\"@id\":\"https:\\\/\\\/secure.gravatar.com\\\/avatar\\\/0022186d5ad062a76276c53233411a52f29ba581caf457cb1ffeddb228d0ec4f?s=96&d=mm&r=g\",\"url\":\"https:\\\/\\\/secure.gravatar.com\\\/avatar\\\/0022186d5ad062a76276c53233411a52f29ba581caf457cb1ffeddb228d0ec4f?s=96&d=mm&r=g\",\"contentUrl\":\"https:\\\/\\\/secure.gravatar.com\\\/avatar\\\/0022186d5ad062a76276c53233411a52f29ba581caf457cb1ffeddb228d0ec4f?s=96&d=mm&r=g\",\"caption\":\"Gavin Mair\"},\"url\":\"https:\\\/\\\/life-effect.org\\\/pt-pt\\\/author\\\/gavin\\\/\"}]}<\/script>\n<!-- \/ Yoast SEO plugin. -->","yoast_head_json":{"title":"O que \u00e9 o CELE 2 e porque \u00e9 que nos diz respeito? - LIFE Effect","robots":{"index":"index","follow":"follow","max-snippet":"max-snippet:-1","max-image-preview":"max-image-preview:large","max-video-preview":"max-video-preview:-1"},"canonical":"https:\/\/life-effect.org\/pt-pt\/2025\/05\/01\/o-que-e-o-cele-2-e-porque-e-que-nos-diz-respeito\/","og_locale":"pt_PT","og_type":"article","og_title":"O que \u00e9 o CELE 2 e porque \u00e9 que nos diz respeito? - LIFE Effect","og_description":"O objetivo do semin\u00e1rio era fornecer informa\u00e7\u00f5es sobre o novo Sistema de Com\u00e9rcio de Emiss\u00f5es - CELE 2, que dever\u00e1 ser implementado em 2027 e visa descarbonizar os sectores dos edif\u00edcios e dos transportes rodovi\u00e1rios.","og_url":"https:\/\/life-effect.org\/pt-pt\/2025\/05\/01\/o-que-e-o-cele-2-e-porque-e-que-nos-diz-respeito\/","og_site_name":"LIFE Effect","article_published_time":"2025-05-01T14:35:04+00:00","og_image":[{"width":1024,"height":768,"url":"https:\/\/life-effect.org\/wp-content\/uploads\/2025\/01\/Photo-by-Miriam-Strong9-1024x768.jpeg","type":"image\/jpeg"}],"author":"Gavin Mair","twitter_card":"summary_large_image","twitter_misc":{"Escrito por":"Gavin Mair","Tempo estimado de leitura":"2 minutos"},"schema":{"@context":"https:\/\/schema.org","@graph":[{"@type":"Article","@id":"https:\/\/life-effect.org\/pt-pt\/2025\/05\/01\/o-que-e-o-cele-2-e-porque-e-que-nos-diz-respeito\/#article","isPartOf":{"@id":"https:\/\/life-effect.org\/pt-pt\/2025\/05\/01\/o-que-e-o-cele-2-e-porque-e-que-nos-diz-respeito\/"},"author":{"name":"Gavin Mair","@id":"https:\/\/life-effect.org\/pt-pt\/#\/schema\/person\/bb113160376f428cb129b13442c03d0b"},"headline":"O que \u00e9 o CELE 2 e porque \u00e9 que nos diz respeito?","datePublished":"2025-05-01T14:35:04+00:00","mainEntityOfPage":{"@id":"https:\/\/life-effect.org\/pt-pt\/2025\/05\/01\/o-que-e-o-cele-2-e-porque-e-que-nos-diz-respeito\/"},"wordCount":384,"image":{"@id":"https:\/\/life-effect.org\/pt-pt\/2025\/05\/01\/o-que-e-o-cele-2-e-porque-e-que-nos-diz-respeito\/#primaryimage"},"thumbnailUrl":"https:\/\/ecyrp6eeuob.exactdn.com\/wp-content\/uploads\/2025\/01\/Photo-by-Miriam-Strong9.jpeg?strip=all","keywords":["cele2","planos sociais para o clima"],"articleSection":["Not\u00edcias"],"inLanguage":"pt-PT"},{"@type":"WebPage","@id":"https:\/\/life-effect.org\/pt-pt\/2025\/05\/01\/o-que-e-o-cele-2-e-porque-e-que-nos-diz-respeito\/","url":"https:\/\/life-effect.org\/pt-pt\/2025\/05\/01\/o-que-e-o-cele-2-e-porque-e-que-nos-diz-respeito\/","name":"O que \u00e9 o CELE 2 e porque \u00e9 que nos diz respeito? - LIFE Effect","isPartOf":{"@id":"https:\/\/life-effect.org\/pt-pt\/#website"},"primaryImageOfPage":{"@id":"https:\/\/life-effect.org\/pt-pt\/2025\/05\/01\/o-que-e-o-cele-2-e-porque-e-que-nos-diz-respeito\/#primaryimage"},"image":{"@id":"https:\/\/life-effect.org\/pt-pt\/2025\/05\/01\/o-que-e-o-cele-2-e-porque-e-que-nos-diz-respeito\/#primaryimage"},"thumbnailUrl":"https:\/\/ecyrp6eeuob.exactdn.com\/wp-content\/uploads\/2025\/01\/Photo-by-Miriam-Strong9.jpeg?strip=all","datePublished":"2025-05-01T14:35:04+00:00","author":{"@id":"https:\/\/life-effect.org\/pt-pt\/#\/schema\/person\/bb113160376f428cb129b13442c03d0b"},"breadcrumb":{"@id":"https:\/\/life-effect.org\/pt-pt\/2025\/05\/01\/o-que-e-o-cele-2-e-porque-e-que-nos-diz-respeito\/#breadcrumb"},"inLanguage":"pt-PT","potentialAction":[{"@type":"ReadAction","target":["https:\/\/life-effect.org\/pt-pt\/2025\/05\/01\/o-que-e-o-cele-2-e-porque-e-que-nos-diz-respeito\/"]}]},{"@type":"ImageObject","inLanguage":"pt-PT","@id":"https:\/\/life-effect.org\/pt-pt\/2025\/05\/01\/o-que-e-o-cele-2-e-porque-e-que-nos-diz-respeito\/#primaryimage","url":"https:\/\/ecyrp6eeuob.exactdn.com\/wp-content\/uploads\/2025\/01\/Photo-by-Miriam-Strong9.jpeg?strip=all","contentUrl":"https:\/\/ecyrp6eeuob.exactdn.com\/wp-content\/uploads\/2025\/01\/Photo-by-Miriam-Strong9.jpeg?strip=all","width":1920,"height":1440},{"@type":"BreadcrumbList","@id":"https:\/\/life-effect.org\/pt-pt\/2025\/05\/01\/o-que-e-o-cele-2-e-porque-e-que-nos-diz-respeito\/#breadcrumb","itemListElement":[{"@type":"ListItem","position":1,"name":"Home","item":"https:\/\/life-effect.org\/pt-pt\/"},{"@type":"ListItem","position":2,"name":"O que \u00e9 o CELE 2 e porque \u00e9 que nos diz respeito?"}]},{"@type":"WebSite","@id":"https:\/\/life-effect.org\/pt-pt\/#website","url":"https:\/\/life-effect.org\/pt-pt\/","name":"LIFE Effect","description":"For carbon pricing that puts people and planet first","potentialAction":[{"@type":"SearchAction","target":{"@type":"EntryPoint","urlTemplate":"https:\/\/life-effect.org\/pt-pt\/?s={search_term_string}"},"query-input":{"@type":"PropertyValueSpecification","valueRequired":true,"valueName":"search_term_string"}}],"inLanguage":"pt-PT"},{"@type":"Person","@id":"https:\/\/life-effect.org\/pt-pt\/#\/schema\/person\/bb113160376f428cb129b13442c03d0b","name":"Gavin Mair","image":{"@type":"ImageObject","inLanguage":"pt-PT","@id":"https:\/\/secure.gravatar.com\/avatar\/0022186d5ad062a76276c53233411a52f29ba581caf457cb1ffeddb228d0ec4f?s=96&d=mm&r=g","url":"https:\/\/secure.gravatar.com\/avatar\/0022186d5ad062a76276c53233411a52f29ba581caf457cb1ffeddb228d0ec4f?s=96&d=mm&r=g","contentUrl":"https:\/\/secure.gravatar.com\/avatar\/0022186d5ad062a76276c53233411a52f29ba581caf457cb1ffeddb228d0ec4f?s=96&d=mm&r=g","caption":"Gavin Mair"},"url":"https:\/\/life-effect.org\/pt-pt\/author\/gavin\/"}]}},"_links":{"self":[{"href":"https:\/\/life-effect.org\/pt-pt\/wp-json\/wp\/v2\/posts\/408540","targetHints":{"allow":["GET"]}}],"collection":[{"href":"https:\/\/life-effect.org\/pt-pt\/wp-json\/wp\/v2\/posts"}],"about":[{"href":"https:\/\/life-effect.org\/pt-pt\/wp-json\/wp\/v2\/types\/post"}],"author":[{"embeddable":true,"href":"https:\/\/life-effect.org\/pt-pt\/wp-json\/wp\/v2\/users\/2"}],"replies":[{"embeddable":true,"href":"https:\/\/life-effect.org\/pt-pt\/wp-json\/wp\/v2\/comments?post=408540"}],"version-history":[{"count":0,"href":"https:\/\/life-effect.org\/pt-pt\/wp-json\/wp\/v2\/posts\/408540\/revisions"}],"wp:featuredmedia":[{"embeddable":true,"href":"https:\/\/life-effect.org\/pt-pt\/wp-json\/wp\/v2\/media\/397781"}],"wp:attachment":[{"href":"https:\/\/life-effect.org\/pt-pt\/wp-json\/wp\/v2\/media?parent=408540"}],"wp:term":[{"taxonomy":"category","embeddable":true,"href":"https:\/\/life-effect.org\/pt-pt\/wp-json\/wp\/v2\/categories?post=408540"},{"taxonomy":"post_tag","embeddable":true,"href":"https:\/\/life-effect.org\/pt-pt\/wp-json\/wp\/v2\/tags?post=408540"}],"curies":[{"name":"wp","href":"https:\/\/api.w.org\/{rel}","templated":true}]}}