{"id":408541,"date":"2025-06-05T15:34:07","date_gmt":"2025-06-05T13:34:07","guid":{"rendered":"https:\/\/life-effect.org\/2025\/06\/05\/plataforma-de-fixacao-do-preco-do-carbono-o-cele-ue-e-o-objetivo-climatico-da-ue-para-2040\/"},"modified":"2025-06-05T15:34:07","modified_gmt":"2025-06-05T13:34:07","slug":"plataforma-de-fixacao-do-preco-do-carbono-o-cele-ue-e-o-objetivo-climatico-da-ue-para-2040","status":"publish","type":"post","link":"https:\/\/life-effect.org\/pt-pt\/2025\/06\/05\/plataforma-de-fixacao-do-preco-do-carbono-o-cele-ue-e-o-objetivo-climatico-da-ue-para-2040\/","title":{"rendered":"Plataforma de fixa\u00e7\u00e3o do pre\u00e7o do carbono: O CELE UE e o objetivo clim\u00e1tico da UE para 2040"},"content":{"rendered":"<h3 style=\"text-align: center;\">18 de junho de 2025. Das 14:30 \u00e0s 16:00 horas. Liga-te.  <\/h3>\n<h2 style=\"text-align: center;\"><a href=\"https:\/\/zoom.us\/meeting\/register\/RY6KCJ9tSbmfIC7UQkNaSQ#\/registration\">Inscreve-te aqui<\/a><\/h2>\n<p><span style=\"font-weight: 400;\">No in\u00edcio de julho, a Comiss\u00e3o Europeia divulgar\u00e1 a sua proposta de fixa\u00e7\u00e3o de uma meta clim\u00e1tica para 2040, alterando a Lei Europeia do Clima. Desde que, em 6 de fevereiro de 2024, foi apresentada a proposta inicial de uma redu\u00e7\u00e3o de 90% das emiss\u00f5es l\u00edquidas at\u00e9 2040, a Comiss\u00e3o Europeia come\u00e7ou a considerar a introdu\u00e7\u00e3o de flexibilidades, como a inclus\u00e3o de cr\u00e9ditos ao abrigo do artigo 6.\u00ba do Acordo de Paris, em vez das necess\u00e1rias ac\u00e7\u00f5es nacionais de redu\u00e7\u00e3o das emiss\u00f5es, em oposi\u00e7\u00e3o \u00e0   <\/span><a href=\"https:\/\/carbonmarketwatch.org\/2025\/04\/08\/there-can-be-no-flexibility-in-the-eus-2040-climate-target\/\"><span style=\"font-weight: 400;\">as recomenda\u00e7\u00f5es cient\u00edficas do ESABCC.<\/span><\/a><span style=\"font-weight: 400;\"> <\/span><\/p>\n<p><span style=\"font-weight: 400;\">Com a cria\u00e7\u00e3o do CELE 2, que aplicar\u00e1 o pre\u00e7o do carbono aos edif\u00edcios e aos transportes rodovi\u00e1rios a partir de 2027, 75% das emiss\u00f5es da UE ser\u00e3o cobertas pelo mercado de carbono da Uni\u00e3o, o que torna o CELE-UE fundamental para alcan\u00e7ar o objetivo clim\u00e1tico da UE para 2040. <\/span><\/p>\n<p><span style=\"font-weight: 400;\">Numa altura em que os decisores pol\u00edticos e as partes interessadas se preparam para a revis\u00e3o do RCLE em 2026, o relat\u00f3rio &#8220;O CELE-UE e o objetivo clim\u00e1tico para 2040&#8221;, elaborado pelo Instituto Oeko, fornece informa\u00e7\u00f5es valiosas: <\/span><\/p>\n<ul>\n<li style=\"font-weight: 400;\" aria-level=\"1\"><span style=\"font-weight: 400;\">Como gerir a &#8220;reta final do CELE&#8221; e as preocupa\u00e7\u00f5es com a falta de liquidez no mercado \u00e0 medida que nos aproximamos de 2040, assegurando simultaneamente o cumprimento dos objectivos clim\u00e1ticos da UE<\/span><\/li>\n<li style=\"font-weight: 400;\" aria-level=\"1\"><span style=\"font-weight: 400;\">Eventuais altera\u00e7\u00f5es \u00e0 reserva de estabilidade do mercado para obter um pre\u00e7o do carbono que permita a descarboniza\u00e7\u00e3o e proporcione estabilidade ao investimento<\/span><\/li>\n<li style=\"font-weight: 400;\" aria-level=\"1\"><span style=\"font-weight: 400;\">Considera\u00e7\u00f5es sobre o papel das remo\u00e7\u00f5es de carbono no CELE-UE e a eventual inclus\u00e3o de cr\u00e9ditos do artigo 6.\u00ba no objetivo clim\u00e1tico para garantir redu\u00e7\u00f5es significativas das emiss\u00f5es <\/span><\/li>\n<\/ul>\n<h3 style=\"text-align: center;\" data-pm-slice=\"1 1 []\">AGENDA<\/h3>\n<p style=\"text-align: center;\">________________<\/p>\n<p style=\"text-align: center;\"><strong>Introdu\u00e7\u00e3o<\/strong><\/p>\n<p style=\"text-align: center;\">&#8211; Eleanor Scott, especialista em pol\u00edticas dos mercados de carbono da UE (Carbon Market Watch)<\/p>\n<p style=\"text-align: center;\">________________<\/p>\n<p style=\"text-align: center;\"><strong>Discurso de fundo sobre a cena pol\u00edtica<\/strong><\/p>\n<p style=\"text-align: center;\">&#8211; Michael Bloss, eurodeputado (Verdes\/ALE, DE)<\/p>\n<h4 style=\"text-align: center;\">_______________<\/h4>\n<p class=\"mcePastedContent\" style=\"text-align: center;\"><strong>Apresenta\u00e7\u00e3o do relat\u00f3rio &#8220;O CELE-UE e o objetivo clim\u00e1tico para 2040&#8221;<\/strong><\/p>\n<p class=\"mcePastedContent\" style=\"text-align: center;\">&#8211; Jakob Graichen, investigador s\u00e9nior em clima e energia (Oeko-Institut)<\/p>\n<h4 class=\"mcePastedContent\" style=\"text-align: center;\">________________<\/h4>\n<p class=\"mcePastedContent\" style=\"text-align: center;\"><strong>Relat\u00f3rio de perguntas e respostas<\/strong><\/p>\n<p class=\"mcePastedContent\" style=\"text-align: center;\">&#8211; Moderado por Eleanor Scott<\/p>\n<h4 class=\"mcePastedContent\" style=\"text-align: center;\">_______________<\/h4>\n<p style=\"text-align: center;\"><strong>Painel de discuss\u00e3o<\/strong><\/p>\n<p style=\"text-align: center;\">&#8211; Beatriz Jordi, diretora da DG CLIMA (Comiss\u00e3o Europeia)<\/p>\n<p class=\"mcePastedContent\" style=\"text-align: center;\">&#8211; Sam Van den plas, diretor de pol\u00edtica (Carbon Market Watch)<\/p>\n<p class=\"mcePastedContent\" style=\"text-align: center;\">&#8211; Ola Hans\u00e9n, diretor de assuntos p\u00fablicos (Stegra Steel)<\/p>\n<h4 style=\"text-align: center;\">________________<\/h4>\n<p style=\"text-align: center;\"><strong>Observa\u00e7\u00f5es finais<\/strong><\/p>\n<p style=\"text-align: center;\">-Islene Fa\u00e7anha (ZERO)<\/p>\n<h2><\/h2>\n<h2 style=\"text-align: center;\"><a href=\"https:\/\/zoom.us\/meeting\/register\/RY6KCJ9tSbmfIC7UQkNaSQ#\/registration\">Inscreve-te aqui<\/a><\/h2>\n<p>&nbsp;<\/p>\n","protected":false},"excerpt":{"rendered":"<p>18 de junho de 2025. Das 14:30 \u00e0s 16:00 horas. Liga-te. Inscreve-te aqui No in\u00edcio de julho, a Comiss\u00e3o Europeia divulgar\u00e1 a sua proposta de fixa\u00e7\u00e3o de uma meta clim\u00e1tica para 2040, alterando a Lei Europeia do Clima. Desde que, em 6 de fevereiro de 2024, foi apresentada a proposta inicial de uma redu\u00e7\u00e3o de [&hellip;]<\/p>\n","protected":false},"author":2,"featured_media":405374,"comment_status":"closed","ping_status":"closed","sticky":false,"template":"","format":"standard","meta":{"_acf_changed":false,"_et_pb_use_builder":"","_et_pb_old_content":"","_et_gb_content_width":"","_monsterinsights_skip_tracking":false,"_monsterinsights_sitenote_active":false,"_monsterinsights_sitenote_note":"","_monsterinsights_sitenote_category":0,"footnotes":""},"categories":[110],"tags":[115,114,112,253,251,252,254],"class_list":["post-408541","post","type-post","status-publish","format-standard","has-post-thumbnail","hentry","category-eventos","tag-cele-eu","tag-cele2","tag-edificios","tag-lei-climatica-da-ue","tag-objetivo-climatico-para-2040","tag-plataforma-de-tarifacao-do-carbono","tag-transporte-rodoviario"],"acf":[],"yoast_head":"<!-- This site is optimized with the Yoast SEO plugin v27.5 - https:\/\/yoast.com\/product\/yoast-seo-wordpress\/ -->\n<title>Plataforma de fixa\u00e7\u00e3o do pre\u00e7o do carbono: O CELE UE e o objetivo clim\u00e1tico da UE para 2040 - LIFE Effect<\/title>\n<meta name=\"robots\" content=\"index, follow, max-snippet:-1, max-image-preview:large, max-video-preview:-1\" \/>\n<link rel=\"canonical\" href=\"https:\/\/life-effect.org\/pt-pt\/2025\/06\/05\/plataforma-de-fixacao-do-preco-do-carbono-o-cele-ue-e-o-objetivo-climatico-da-ue-para-2040\/\" \/>\n<meta property=\"og:locale\" content=\"pt_PT\" \/>\n<meta property=\"og:type\" content=\"article\" \/>\n<meta property=\"og:title\" content=\"Plataforma de fixa\u00e7\u00e3o do pre\u00e7o do carbono: O CELE UE e o objetivo clim\u00e1tico da UE para 2040 - LIFE Effect\" \/>\n<meta property=\"og:description\" content=\"18 de junho de 2025. Das 14:30 \u00e0s 16:00 horas. Liga-te. Inscreve-te aqui No in\u00edcio de julho, a Comiss\u00e3o Europeia divulgar\u00e1 a sua proposta de fixa\u00e7\u00e3o de uma meta clim\u00e1tica para 2040, alterando a Lei Europeia do Clima. Desde que, em 6 de fevereiro de 2024, foi apresentada a proposta inicial de uma redu\u00e7\u00e3o de [&hellip;]\" \/>\n<meta property=\"og:url\" content=\"https:\/\/life-effect.org\/pt-pt\/2025\/06\/05\/plataforma-de-fixacao-do-preco-do-carbono-o-cele-ue-e-o-objetivo-climatico-da-ue-para-2040\/\" \/>\n<meta property=\"og:site_name\" content=\"LIFE Effect\" \/>\n<meta property=\"article:published_time\" content=\"2025-06-05T13:34:07+00:00\" \/>\n<meta property=\"og:image\" content=\"https:\/\/ecyrp6eeuob.exactdn.com\/wp-content\/uploads\/2025\/06\/Screenshot-2025-06-05-150719.png?strip=all\" \/>\n\t<meta property=\"og:image:width\" content=\"589\" \/>\n\t<meta property=\"og:image:height\" content=\"735\" \/>\n\t<meta property=\"og:image:type\" content=\"image\/png\" \/>\n<meta name=\"author\" content=\"Gavin Mair\" \/>\n<meta name=\"twitter:card\" content=\"summary_large_image\" \/>\n<meta name=\"twitter:label1\" content=\"Escrito por\" \/>\n\t<meta name=\"twitter:data1\" content=\"Gavin Mair\" \/>\n\t<meta name=\"twitter:label2\" content=\"Tempo estimado de leitura\" \/>\n\t<meta name=\"twitter:data2\" content=\"2 minutos\" \/>\n<script type=\"application\/ld+json\" class=\"yoast-schema-graph\">{\"@context\":\"https:\\\/\\\/schema.org\",\"@graph\":[{\"@type\":\"Article\",\"@id\":\"https:\\\/\\\/life-effect.org\\\/pt-pt\\\/2025\\\/06\\\/05\\\/plataforma-de-fixacao-do-preco-do-carbono-o-cele-ue-e-o-objetivo-climatico-da-ue-para-2040\\\/#article\",\"isPartOf\":{\"@id\":\"https:\\\/\\\/life-effect.org\\\/pt-pt\\\/2025\\\/06\\\/05\\\/plataforma-de-fixacao-do-preco-do-carbono-o-cele-ue-e-o-objetivo-climatico-da-ue-para-2040\\\/\"},\"author\":{\"name\":\"Gavin Mair\",\"@id\":\"https:\\\/\\\/life-effect.org\\\/pt-pt\\\/#\\\/schema\\\/person\\\/bb113160376f428cb129b13442c03d0b\"},\"headline\":\"Plataforma de fixa\u00e7\u00e3o do pre\u00e7o do carbono: O CELE UE e o objetivo clim\u00e1tico da UE para 2040\",\"datePublished\":\"2025-06-05T13:34:07+00:00\",\"mainEntityOfPage\":{\"@id\":\"https:\\\/\\\/life-effect.org\\\/pt-pt\\\/2025\\\/06\\\/05\\\/plataforma-de-fixacao-do-preco-do-carbono-o-cele-ue-e-o-objetivo-climatico-da-ue-para-2040\\\/\"},\"wordCount\":434,\"image\":{\"@id\":\"https:\\\/\\\/life-effect.org\\\/pt-pt\\\/2025\\\/06\\\/05\\\/plataforma-de-fixacao-do-preco-do-carbono-o-cele-ue-e-o-objetivo-climatico-da-ue-para-2040\\\/#primaryimage\"},\"thumbnailUrl\":\"https:\\\/\\\/ecyrp6eeuob.exactdn.com\\\/wp-content\\\/uploads\\\/2025\\\/06\\\/Screenshot-2025-06-05-150719.png?strip=all\",\"keywords\":[\"CELE EU\",\"cele2\",\"edif\u00edcios\",\"Lei clim\u00e1tica da UE\",\"Objetivo clim\u00e1tico para 2040\",\"plataforma de tarifa\u00e7\u00e3o do carbono\",\"transporte rodovi\u00e1rio\"],\"articleSection\":[\"Eventos\"],\"inLanguage\":\"pt-PT\"},{\"@type\":\"WebPage\",\"@id\":\"https:\\\/\\\/life-effect.org\\\/pt-pt\\\/2025\\\/06\\\/05\\\/plataforma-de-fixacao-do-preco-do-carbono-o-cele-ue-e-o-objetivo-climatico-da-ue-para-2040\\\/\",\"url\":\"https:\\\/\\\/life-effect.org\\\/pt-pt\\\/2025\\\/06\\\/05\\\/plataforma-de-fixacao-do-preco-do-carbono-o-cele-ue-e-o-objetivo-climatico-da-ue-para-2040\\\/\",\"name\":\"Plataforma de fixa\u00e7\u00e3o do pre\u00e7o do carbono: O CELE UE e o objetivo clim\u00e1tico da UE para 2040 - LIFE Effect\",\"isPartOf\":{\"@id\":\"https:\\\/\\\/life-effect.org\\\/pt-pt\\\/#website\"},\"primaryImageOfPage\":{\"@id\":\"https:\\\/\\\/life-effect.org\\\/pt-pt\\\/2025\\\/06\\\/05\\\/plataforma-de-fixacao-do-preco-do-carbono-o-cele-ue-e-o-objetivo-climatico-da-ue-para-2040\\\/#primaryimage\"},\"image\":{\"@id\":\"https:\\\/\\\/life-effect.org\\\/pt-pt\\\/2025\\\/06\\\/05\\\/plataforma-de-fixacao-do-preco-do-carbono-o-cele-ue-e-o-objetivo-climatico-da-ue-para-2040\\\/#primaryimage\"},\"thumbnailUrl\":\"https:\\\/\\\/ecyrp6eeuob.exactdn.com\\\/wp-content\\\/uploads\\\/2025\\\/06\\\/Screenshot-2025-06-05-150719.png?strip=all\",\"datePublished\":\"2025-06-05T13:34:07+00:00\",\"author\":{\"@id\":\"https:\\\/\\\/life-effect.org\\\/pt-pt\\\/#\\\/schema\\\/person\\\/bb113160376f428cb129b13442c03d0b\"},\"breadcrumb\":{\"@id\":\"https:\\\/\\\/life-effect.org\\\/pt-pt\\\/2025\\\/06\\\/05\\\/plataforma-de-fixacao-do-preco-do-carbono-o-cele-ue-e-o-objetivo-climatico-da-ue-para-2040\\\/#breadcrumb\"},\"inLanguage\":\"pt-PT\",\"potentialAction\":[{\"@type\":\"ReadAction\",\"target\":[\"https:\\\/\\\/life-effect.org\\\/pt-pt\\\/2025\\\/06\\\/05\\\/plataforma-de-fixacao-do-preco-do-carbono-o-cele-ue-e-o-objetivo-climatico-da-ue-para-2040\\\/\"]}]},{\"@type\":\"ImageObject\",\"inLanguage\":\"pt-PT\",\"@id\":\"https:\\\/\\\/life-effect.org\\\/pt-pt\\\/2025\\\/06\\\/05\\\/plataforma-de-fixacao-do-preco-do-carbono-o-cele-ue-e-o-objetivo-climatico-da-ue-para-2040\\\/#primaryimage\",\"url\":\"https:\\\/\\\/ecyrp6eeuob.exactdn.com\\\/wp-content\\\/uploads\\\/2025\\\/06\\\/Screenshot-2025-06-05-150719.png?strip=all\",\"contentUrl\":\"https:\\\/\\\/ecyrp6eeuob.exactdn.com\\\/wp-content\\\/uploads\\\/2025\\\/06\\\/Screenshot-2025-06-05-150719.png?strip=all\",\"width\":589,\"height\":735},{\"@type\":\"BreadcrumbList\",\"@id\":\"https:\\\/\\\/life-effect.org\\\/pt-pt\\\/2025\\\/06\\\/05\\\/plataforma-de-fixacao-do-preco-do-carbono-o-cele-ue-e-o-objetivo-climatico-da-ue-para-2040\\\/#breadcrumb\",\"itemListElement\":[{\"@type\":\"ListItem\",\"position\":1,\"name\":\"Home\",\"item\":\"https:\\\/\\\/life-effect.org\\\/pt-pt\\\/\"},{\"@type\":\"ListItem\",\"position\":2,\"name\":\"Plataforma de fixa\u00e7\u00e3o do pre\u00e7o do carbono: O CELE UE e o objetivo clim\u00e1tico da UE para 2040\"}]},{\"@type\":\"WebSite\",\"@id\":\"https:\\\/\\\/life-effect.org\\\/pt-pt\\\/#website\",\"url\":\"https:\\\/\\\/life-effect.org\\\/pt-pt\\\/\",\"name\":\"LIFE Effect\",\"description\":\"For carbon pricing that puts people and planet first\",\"potentialAction\":[{\"@type\":\"SearchAction\",\"target\":{\"@type\":\"EntryPoint\",\"urlTemplate\":\"https:\\\/\\\/life-effect.org\\\/pt-pt\\\/?s={search_term_string}\"},\"query-input\":{\"@type\":\"PropertyValueSpecification\",\"valueRequired\":true,\"valueName\":\"search_term_string\"}}],\"inLanguage\":\"pt-PT\"},{\"@type\":\"Person\",\"@id\":\"https:\\\/\\\/life-effect.org\\\/pt-pt\\\/#\\\/schema\\\/person\\\/bb113160376f428cb129b13442c03d0b\",\"name\":\"Gavin Mair\",\"image\":{\"@type\":\"ImageObject\",\"inLanguage\":\"pt-PT\",\"@id\":\"https:\\\/\\\/secure.gravatar.com\\\/avatar\\\/0022186d5ad062a76276c53233411a52f29ba581caf457cb1ffeddb228d0ec4f?s=96&d=mm&r=g\",\"url\":\"https:\\\/\\\/secure.gravatar.com\\\/avatar\\\/0022186d5ad062a76276c53233411a52f29ba581caf457cb1ffeddb228d0ec4f?s=96&d=mm&r=g\",\"contentUrl\":\"https:\\\/\\\/secure.gravatar.com\\\/avatar\\\/0022186d5ad062a76276c53233411a52f29ba581caf457cb1ffeddb228d0ec4f?s=96&d=mm&r=g\",\"caption\":\"Gavin Mair\"},\"url\":\"https:\\\/\\\/life-effect.org\\\/pt-pt\\\/author\\\/gavin\\\/\"}]}<\/script>\n<!-- \/ Yoast SEO plugin. -->","yoast_head_json":{"title":"Plataforma de fixa\u00e7\u00e3o do pre\u00e7o do carbono: O CELE UE e o objetivo clim\u00e1tico da UE para 2040 - LIFE Effect","robots":{"index":"index","follow":"follow","max-snippet":"max-snippet:-1","max-image-preview":"max-image-preview:large","max-video-preview":"max-video-preview:-1"},"canonical":"https:\/\/life-effect.org\/pt-pt\/2025\/06\/05\/plataforma-de-fixacao-do-preco-do-carbono-o-cele-ue-e-o-objetivo-climatico-da-ue-para-2040\/","og_locale":"pt_PT","og_type":"article","og_title":"Plataforma de fixa\u00e7\u00e3o do pre\u00e7o do carbono: O CELE UE e o objetivo clim\u00e1tico da UE para 2040 - LIFE Effect","og_description":"18 de junho de 2025. Das 14:30 \u00e0s 16:00 horas. Liga-te. Inscreve-te aqui No in\u00edcio de julho, a Comiss\u00e3o Europeia divulgar\u00e1 a sua proposta de fixa\u00e7\u00e3o de uma meta clim\u00e1tica para 2040, alterando a Lei Europeia do Clima. Desde que, em 6 de fevereiro de 2024, foi apresentada a proposta inicial de uma redu\u00e7\u00e3o de [&hellip;]","og_url":"https:\/\/life-effect.org\/pt-pt\/2025\/06\/05\/plataforma-de-fixacao-do-preco-do-carbono-o-cele-ue-e-o-objetivo-climatico-da-ue-para-2040\/","og_site_name":"LIFE Effect","article_published_time":"2025-06-05T13:34:07+00:00","og_image":[{"width":589,"height":735,"url":"https:\/\/ecyrp6eeuob.exactdn.com\/wp-content\/uploads\/2025\/06\/Screenshot-2025-06-05-150719.png?strip=all","type":"image\/png"}],"author":"Gavin Mair","twitter_card":"summary_large_image","twitter_misc":{"Escrito por":"Gavin Mair","Tempo estimado de leitura":"2 minutos"},"schema":{"@context":"https:\/\/schema.org","@graph":[{"@type":"Article","@id":"https:\/\/life-effect.org\/pt-pt\/2025\/06\/05\/plataforma-de-fixacao-do-preco-do-carbono-o-cele-ue-e-o-objetivo-climatico-da-ue-para-2040\/#article","isPartOf":{"@id":"https:\/\/life-effect.org\/pt-pt\/2025\/06\/05\/plataforma-de-fixacao-do-preco-do-carbono-o-cele-ue-e-o-objetivo-climatico-da-ue-para-2040\/"},"author":{"name":"Gavin Mair","@id":"https:\/\/life-effect.org\/pt-pt\/#\/schema\/person\/bb113160376f428cb129b13442c03d0b"},"headline":"Plataforma de fixa\u00e7\u00e3o do pre\u00e7o do carbono: O CELE UE e o objetivo clim\u00e1tico da UE para 2040","datePublished":"2025-06-05T13:34:07+00:00","mainEntityOfPage":{"@id":"https:\/\/life-effect.org\/pt-pt\/2025\/06\/05\/plataforma-de-fixacao-do-preco-do-carbono-o-cele-ue-e-o-objetivo-climatico-da-ue-para-2040\/"},"wordCount":434,"image":{"@id":"https:\/\/life-effect.org\/pt-pt\/2025\/06\/05\/plataforma-de-fixacao-do-preco-do-carbono-o-cele-ue-e-o-objetivo-climatico-da-ue-para-2040\/#primaryimage"},"thumbnailUrl":"https:\/\/ecyrp6eeuob.exactdn.com\/wp-content\/uploads\/2025\/06\/Screenshot-2025-06-05-150719.png?strip=all","keywords":["CELE EU","cele2","edif\u00edcios","Lei clim\u00e1tica da UE","Objetivo clim\u00e1tico para 2040","plataforma de tarifa\u00e7\u00e3o do carbono","transporte rodovi\u00e1rio"],"articleSection":["Eventos"],"inLanguage":"pt-PT"},{"@type":"WebPage","@id":"https:\/\/life-effect.org\/pt-pt\/2025\/06\/05\/plataforma-de-fixacao-do-preco-do-carbono-o-cele-ue-e-o-objetivo-climatico-da-ue-para-2040\/","url":"https:\/\/life-effect.org\/pt-pt\/2025\/06\/05\/plataforma-de-fixacao-do-preco-do-carbono-o-cele-ue-e-o-objetivo-climatico-da-ue-para-2040\/","name":"Plataforma de fixa\u00e7\u00e3o do pre\u00e7o do carbono: O CELE UE e o objetivo clim\u00e1tico da UE para 2040 - LIFE Effect","isPartOf":{"@id":"https:\/\/life-effect.org\/pt-pt\/#website"},"primaryImageOfPage":{"@id":"https:\/\/life-effect.org\/pt-pt\/2025\/06\/05\/plataforma-de-fixacao-do-preco-do-carbono-o-cele-ue-e-o-objetivo-climatico-da-ue-para-2040\/#primaryimage"},"image":{"@id":"https:\/\/life-effect.org\/pt-pt\/2025\/06\/05\/plataforma-de-fixacao-do-preco-do-carbono-o-cele-ue-e-o-objetivo-climatico-da-ue-para-2040\/#primaryimage"},"thumbnailUrl":"https:\/\/ecyrp6eeuob.exactdn.com\/wp-content\/uploads\/2025\/06\/Screenshot-2025-06-05-150719.png?strip=all","datePublished":"2025-06-05T13:34:07+00:00","author":{"@id":"https:\/\/life-effect.org\/pt-pt\/#\/schema\/person\/bb113160376f428cb129b13442c03d0b"},"breadcrumb":{"@id":"https:\/\/life-effect.org\/pt-pt\/2025\/06\/05\/plataforma-de-fixacao-do-preco-do-carbono-o-cele-ue-e-o-objetivo-climatico-da-ue-para-2040\/#breadcrumb"},"inLanguage":"pt-PT","potentialAction":[{"@type":"ReadAction","target":["https:\/\/life-effect.org\/pt-pt\/2025\/06\/05\/plataforma-de-fixacao-do-preco-do-carbono-o-cele-ue-e-o-objetivo-climatico-da-ue-para-2040\/"]}]},{"@type":"ImageObject","inLanguage":"pt-PT","@id":"https:\/\/life-effect.org\/pt-pt\/2025\/06\/05\/plataforma-de-fixacao-do-preco-do-carbono-o-cele-ue-e-o-objetivo-climatico-da-ue-para-2040\/#primaryimage","url":"https:\/\/ecyrp6eeuob.exactdn.com\/wp-content\/uploads\/2025\/06\/Screenshot-2025-06-05-150719.png?strip=all","contentUrl":"https:\/\/ecyrp6eeuob.exactdn.com\/wp-content\/uploads\/2025\/06\/Screenshot-2025-06-05-150719.png?strip=all","width":589,"height":735},{"@type":"BreadcrumbList","@id":"https:\/\/life-effect.org\/pt-pt\/2025\/06\/05\/plataforma-de-fixacao-do-preco-do-carbono-o-cele-ue-e-o-objetivo-climatico-da-ue-para-2040\/#breadcrumb","itemListElement":[{"@type":"ListItem","position":1,"name":"Home","item":"https:\/\/life-effect.org\/pt-pt\/"},{"@type":"ListItem","position":2,"name":"Plataforma de fixa\u00e7\u00e3o do pre\u00e7o do carbono: O CELE UE e o objetivo clim\u00e1tico da UE para 2040"}]},{"@type":"WebSite","@id":"https:\/\/life-effect.org\/pt-pt\/#website","url":"https:\/\/life-effect.org\/pt-pt\/","name":"LIFE Effect","description":"For carbon pricing that puts people and planet first","potentialAction":[{"@type":"SearchAction","target":{"@type":"EntryPoint","urlTemplate":"https:\/\/life-effect.org\/pt-pt\/?s={search_term_string}"},"query-input":{"@type":"PropertyValueSpecification","valueRequired":true,"valueName":"search_term_string"}}],"inLanguage":"pt-PT"},{"@type":"Person","@id":"https:\/\/life-effect.org\/pt-pt\/#\/schema\/person\/bb113160376f428cb129b13442c03d0b","name":"Gavin Mair","image":{"@type":"ImageObject","inLanguage":"pt-PT","@id":"https:\/\/secure.gravatar.com\/avatar\/0022186d5ad062a76276c53233411a52f29ba581caf457cb1ffeddb228d0ec4f?s=96&d=mm&r=g","url":"https:\/\/secure.gravatar.com\/avatar\/0022186d5ad062a76276c53233411a52f29ba581caf457cb1ffeddb228d0ec4f?s=96&d=mm&r=g","contentUrl":"https:\/\/secure.gravatar.com\/avatar\/0022186d5ad062a76276c53233411a52f29ba581caf457cb1ffeddb228d0ec4f?s=96&d=mm&r=g","caption":"Gavin Mair"},"url":"https:\/\/life-effect.org\/pt-pt\/author\/gavin\/"}]}},"_links":{"self":[{"href":"https:\/\/life-effect.org\/pt-pt\/wp-json\/wp\/v2\/posts\/408541","targetHints":{"allow":["GET"]}}],"collection":[{"href":"https:\/\/life-effect.org\/pt-pt\/wp-json\/wp\/v2\/posts"}],"about":[{"href":"https:\/\/life-effect.org\/pt-pt\/wp-json\/wp\/v2\/types\/post"}],"author":[{"embeddable":true,"href":"https:\/\/life-effect.org\/pt-pt\/wp-json\/wp\/v2\/users\/2"}],"replies":[{"embeddable":true,"href":"https:\/\/life-effect.org\/pt-pt\/wp-json\/wp\/v2\/comments?post=408541"}],"version-history":[{"count":0,"href":"https:\/\/life-effect.org\/pt-pt\/wp-json\/wp\/v2\/posts\/408541\/revisions"}],"wp:featuredmedia":[{"embeddable":true,"href":"https:\/\/life-effect.org\/pt-pt\/wp-json\/wp\/v2\/media\/405374"}],"wp:attachment":[{"href":"https:\/\/life-effect.org\/pt-pt\/wp-json\/wp\/v2\/media?parent=408541"}],"wp:term":[{"taxonomy":"category","embeddable":true,"href":"https:\/\/life-effect.org\/pt-pt\/wp-json\/wp\/v2\/categories?post=408541"},{"taxonomy":"post_tag","embeddable":true,"href":"https:\/\/life-effect.org\/pt-pt\/wp-json\/wp\/v2\/tags?post=408541"}],"curies":[{"name":"wp","href":"https:\/\/api.w.org\/{rel}","templated":true}]}}